{"id":296,"date":"2023-07-19T05:54:14","date_gmt":"2023-07-19T05:54:14","guid":{"rendered":"https:\/\/obejrzyj-i-powiedz.pl\/?p=296"},"modified":"2023-07-19T05:54:15","modified_gmt":"2023-07-19T05:54:15","slug":"lazienka-dla-osob-niepelnosprawnych-projektowanie-z-mysla-o-dostepnosci-i-komforcie","status":"publish","type":"post","link":"https:\/\/obejrzyj-i-powiedz.pl\/index.php\/2023\/07\/19\/lazienka-dla-osob-niepelnosprawnych-projektowanie-z-mysla-o-dostepnosci-i-komforcie\/","title":{"rendered":"\u0141azienka dla os\u00f3b niepe\u0142nosprawnych &#8211; projektowanie z my\u015bl\u0105 o dost\u0119pno\u015bci i komforcie"},"content":{"rendered":"\n<p>Dost\u0119p do odpowiednio zaprojektowanych \u0142azienek jest niezwykle istotny dla os\u00f3b niepe\u0142nosprawnych. W\u0142a\u015bciwe zaplanowanie przestrzeni i zastosowanie odpowiednich udogodnie\u0144 mo\u017ce znacz\u0105co poprawi\u0107 jako\u015b\u0107 \u017cycia tych os\u00f3b, zapewniaj\u0105c im niezale\u017cno\u015b\u0107, bezpiecze\u0144stwo i komfort. W tym artykule om\u00f3wimy kluczowe aspekty projektowania \u0142azienki dla os\u00f3b niepe\u0142nosprawnych, uwzgl\u0119dniaj\u0105c ich potrzeby i specyficzne wymagania.<\/p>\n\n\n\n<!--more-->\n\n\n\n<ol class=\"wp-block-list\">\n<li>Przestrze\u0144 i dost\u0119pno\u015b\u0107: Pierwszym krokiem przy projektowaniu \u0142azienki dla osoby niepe\u0142nosprawnej jest zapewnienie odpowiedniej przestrzeni, aby umo\u017cliwi\u0107 \u0142atwe poruszanie si\u0119 na w\u00f3zku inwalidzkim lub z innym rodzajem wsparcia. Drzwi powinny by\u0107 wystarczaj\u0105co szerokie, aby umo\u017cliwi\u0107 swobodne wej\u015bcie i wyj\u015bcie z \u0142azienki. Nale\u017cy r\u00f3wnie\u017c zwr\u00f3ci\u0107 uwag\u0119 na woln\u0105 przestrze\u0144 wewn\u0105trz \u0142azienki, tak aby osoba niepe\u0142nosprawna mog\u0142a swobodnie manewrowa\u0107.<\/li>\n\n\n\n<li>Pod\u0142oga i nawierzchnie: W \u0142azience dla os\u00f3b niepe\u0142nosprawnych nale\u017cy unika\u0107 \u015bliskich powierzchni, kt\u00f3re mog\u0105 prowadzi\u0107 do upadk\u00f3w. Zaleca si\u0119 zastosowanie antypo\u015blizgowych p\u0142ytek na pod\u0142odze oraz maty antypo\u015blizgowej w strefie prysznica lub wanny. W przypadku os\u00f3b poruszaj\u0105cych si\u0119 na w\u00f3zku inwalidzkim, nale\u017cy zadba\u0107 o r\u00f3wn\u0105 nawierzchni\u0119, kt\u00f3ra u\u0142atwi poruszanie si\u0119.<\/li>\n\n\n\n<li>Przyrz\u0105dy sanitarne: Toaleta, umywalka i prysznic powinny by\u0107 dostosowane do potrzeb os\u00f3b niepe\u0142nosprawnych. W przypadku toalety, warto zainstalowa\u0107 podwy\u017cszone sedes, aby u\u0142atwi\u0107 transfer z w\u00f3zka inwalidzkiego. Mo\u017cna r\u00f3wnie\u017c rozwa\u017cy\u0107 zastosowanie bidetu lub specjalnych udogodnie\u0144 higienicznych. Umywalka powinna by\u0107 umieszczona na odpowiedniej wysoko\u015bci, aby umo\u017cliwi\u0107 korzystanie osobom na w\u00f3zkach inwalidzkich. Prysznic powinien by\u0107 wyposa\u017cony w por\u0119cze oraz mo\u017cliwo\u015b\u0107 regulacji wysoko\u015bci natrysku, co zapewni \u0142atwe korzystanie i bezpiecze\u0144stwo.<\/li>\n\n\n\n<li>Por\u0119cze i uchwyty: Monta\u017c por\u0119czy wok\u00f3\u0142 toalety, prysznica i umywalki jest niezwykle istotny dla os\u00f3b niepe\u0142nosprawnych, zapewniaj\u0105c im dodatkowe wsparcie i stabilno\u015b\u0107. Por\u0119cze powinny by\u0107 solidne, dobrze zamocowane i o odpowiedniej wysoko\u015bci. Mo\u017cna r\u00f3wnie\u017c zastosowa\u0107 uchwyty przy prysznicu oraz w innych miejscach, gdzie mog\u0105 by\u0107 potrzebne.<\/li>\n\n\n\n<li>O\u015bwietlenie i elektronika: Odpowiednie o\u015bwietlenie \u0142azienki jest kluczowe dla os\u00f3b z niepe\u0142nosprawno\u015bciami wzrokowymi. Nale\u017cy zapewni\u0107 jasne, r\u00f3wnomierne o\u015bwietlenie, kt\u00f3re minimalizuje cienie i refleksy. Mo\u017cna rozwa\u017cy\u0107 zastosowanie automatycznego o\u015bwietlenia, kt\u00f3re w\u0142\u0105cza si\u0119 po wykryciu ruchu. Dodatkowo, mo\u017cna zainstalowa\u0107 udogodnienia elektroniczne, takie jak d\u017awi\u0119kowe i wizualne alarmy przy drzwiach czy przyciski do sterowania r\u00f3\u017cnymi funkcjami.<\/li>\n<\/ol>\n\n\n\n<p>Projektowanie <a href=\"https:\/\/www.lazienkaseniora.pl\/\">\u0142azienki dla os\u00f3b niepe\u0142nosprawnych <\/a>to wa\u017cne zadanie, kt\u00f3re wymaga uwzgl\u0119dnienia r\u00f3\u017cnorodnych potrzeb i wymaga\u0144. Odpowiednia przestrze\u0144, dost\u0119pno\u015b\u0107, bezpiecze\u0144stwo i komfort s\u0105 kluczowe dla zapewnienia niezale\u017cno\u015bci i jako\u015bci \u017cycia osobom z niepe\u0142nosprawno\u015bciami. Poprzez zastosowanie odpowiednich rozwi\u0105za\u0144, takich jak podwy\u017cszone sedesy, por\u0119cze, antypo\u015blizgowe nawierzchnie i dobre o\u015bwietlenie, mo\u017cemy stworzy\u0107 \u0142azienk\u0119, kt\u00f3ra jest funkcjonalna i przyjazna dla wszystkich u\u017cytkownik\u00f3w. Projektowanie z my\u015bl\u0105 o dost\u0119pno\u015bci to inwestycja w r\u00f3wno\u015b\u0107 i godno\u015b\u0107 dla os\u00f3b niepe\u0142nosprawnych.<\/p>\n","protected":false},"excerpt":{"rendered":"<p>Dost\u0119p do odpowiednio zaprojektowanych \u0142azienek jest niezwykle istotny dla os\u00f3b niepe\u0142nosprawnych. W\u0142a\u015bciwe zaplanowanie przestrzeni i zastosowanie odpowiednich udogodnie\u0144 mo\u017ce znacz\u0105co poprawi\u0107 jako\u015b\u0107 \u017cycia tych os\u00f3b, zapewniaj\u0105c im niezale\u017cno\u015b\u0107, bezpiecze\u0144stwo i&hellip;<\/p>\n","protected":false},"author":1,"featured_media":297,"comment_status":"open","ping_status":"closed","sticky":false,"template":"","format":"standard","meta":{"footnotes":""},"categories":[5],"tags":[790,887,239,885,890,889,886,678,888],"class_list":["post-296","post","type-post","status-publish","format-standard","has-post-thumbnail","hentry","category-zdrowie","tag-bezpieczenstwo","tag-dostepnosc","tag-komfort","tag-lazienka-dla-osob-niepelnosprawnych","tag-podloga","tag-porecze","tag-projektowanie","tag-przestrzen","tag-udogodnienia"],"yoast_head":"<!-- This site is optimized with the Yoast SEO plugin v27.2 - https:\/\/yoast.com\/product\/yoast-seo-wordpress\/ -->\n<title>\u0141azienka dla os\u00f3b niepe\u0142nosprawnych - projektowanie z my\u015bl\u0105 o dost\u0119pno\u015bci i komforcie - Obejrzy i powiedz<\/title>\n<meta name=\"robots\" content=\"index, follow, max-snippet:-1, max-image-preview:large, max-video-preview:-1\" \/>\n<link rel=\"canonical\" href=\"https:\/\/obejrzyj-i-powiedz.pl\/index.php\/2023\/07\/19\/lazienka-dla-osob-niepelnosprawnych-projektowanie-z-mysla-o-dostepnosci-i-komforcie\/\" \/>\n<meta property=\"og:locale\" content=\"pl_PL\" \/>\n<meta property=\"og:type\" content=\"article\" \/>\n<meta property=\"og:title\" content=\"\u0141azienka dla os\u00f3b niepe\u0142nosprawnych - projektowanie z my\u015bl\u0105 o dost\u0119pno\u015bci i komforcie - Obejrzy i powiedz\" \/>\n<meta property=\"og:description\" content=\"Dost\u0119p do odpowiednio zaprojektowanych \u0142azienek jest niezwykle istotny dla os\u00f3b niepe\u0142nosprawnych. W\u0142a\u015bciwe zaplanowanie przestrzeni i zastosowanie odpowiednich udogodnie\u0144 mo\u017ce znacz\u0105co poprawi\u0107 jako\u015b\u0107 \u017cycia tych os\u00f3b, zapewniaj\u0105c im niezale\u017cno\u015b\u0107, bezpiecze\u0144stwo i&hellip;\" \/>\n<meta property=\"og:url\" content=\"https:\/\/obejrzyj-i-powiedz.pl\/index.php\/2023\/07\/19\/lazienka-dla-osob-niepelnosprawnych-projektowanie-z-mysla-o-dostepnosci-i-komforcie\/\" \/>\n<meta property=\"og:site_name\" content=\"Obejrzy i powiedz\" \/>\n<meta property=\"article:published_time\" content=\"2023-07-19T05:54:14+00:00\" \/>\n<meta property=\"article:modified_time\" content=\"2023-07-19T05:54:15+00:00\" \/>\n<meta property=\"og:image\" content=\"https:\/\/obejrzyj-i-powiedz.pl\/wp-content\/uploads\/2023\/07\/pexels-christa-grover-1909656.jpg\" \/>\n\t<meta property=\"og:image:width\" content=\"640\" \/>\n\t<meta property=\"og:image:height\" content=\"979\" \/>\n\t<meta property=\"og:image:type\" content=\"image\/jpeg\" \/>\n<meta name=\"author\" content=\"admin\" \/>\n<meta name=\"twitter:card\" content=\"summary_large_image\" \/>\n<meta name=\"twitter:label1\" content=\"Napisane przez\" \/>\n\t<meta name=\"twitter:data1\" content=\"admin\" \/>\n\t<meta name=\"twitter:label2\" content=\"Szacowany czas czytania\" \/>\n\t<meta name=\"twitter:data2\" content=\"3 minuty\" \/>\n<script type=\"application\/ld+json\" class=\"yoast-schema-graph\">{\"@context\":\"https:\/\/schema.org\",\"@graph\":[{\"@type\":\"Article\",\"@id\":\"https:\/\/obejrzyj-i-powiedz.pl\/index.php\/2023\/07\/19\/lazienka-dla-osob-niepelnosprawnych-projektowanie-z-mysla-o-dostepnosci-i-komforcie\/#article\",\"isPartOf\":{\"@id\":\"https:\/\/obejrzyj-i-powiedz.pl\/index.php\/2023\/07\/19\/lazienka-dla-osob-niepelnosprawnych-projektowanie-z-mysla-o-dostepnosci-i-komforcie\/\"},\"author\":{\"name\":\"admin\",\"@id\":\"https:\/\/obejrzyj-i-powiedz.pl\/#\/schema\/person\/fd410d74d1f1a78da782b6c7870b8e14\"},\"headline\":\"\u0141azienka dla os\u00f3b niepe\u0142nosprawnych &#8211; projektowanie z my\u015bl\u0105 o dost\u0119pno\u015bci i komforcie\",\"datePublished\":\"2023-07-19T05:54:14+00:00\",\"dateModified\":\"2023-07-19T05:54:15+00:00\",\"mainEntityOfPage\":{\"@id\":\"https:\/\/obejrzyj-i-powiedz.pl\/index.php\/2023\/07\/19\/lazienka-dla-osob-niepelnosprawnych-projektowanie-z-mysla-o-dostepnosci-i-komforcie\/\"},\"wordCount\":526,\"commentCount\":0,\"image\":{\"@id\":\"https:\/\/obejrzyj-i-powiedz.pl\/index.php\/2023\/07\/19\/lazienka-dla-osob-niepelnosprawnych-projektowanie-z-mysla-o-dostepnosci-i-komforcie\/#primaryimage\"},\"thumbnailUrl\":\"https:\/\/obejrzyj-i-powiedz.pl\/wp-content\/uploads\/2023\/07\/pexels-christa-grover-1909656.jpg\",\"keywords\":[\"bezpiecze\u0144stwo\",\"dost\u0119pno\u015b\u0107\",\"komfort\",\"\u0141azienka dla os\u00f3b niepe\u0142nosprawnych\",\"pod\u0142oga\",\"por\u0119cze\",\"projektowanie\",\"przestrze\u0144\",\"udogodnienia\"],\"articleSection\":[\"Zdrowie\"],\"inLanguage\":\"pl-PL\",\"potentialAction\":[{\"@type\":\"CommentAction\",\"name\":\"Comment\",\"target\":[\"https:\/\/obejrzyj-i-powiedz.pl\/index.php\/2023\/07\/19\/lazienka-dla-osob-niepelnosprawnych-projektowanie-z-mysla-o-dostepnosci-i-komforcie\/#respond\"]}]},{\"@type\":\"WebPage\",\"@id\":\"https:\/\/obejrzyj-i-powiedz.pl\/index.php\/2023\/07\/19\/lazienka-dla-osob-niepelnosprawnych-projektowanie-z-mysla-o-dostepnosci-i-komforcie\/\",\"url\":\"https:\/\/obejrzyj-i-powiedz.pl\/index.php\/2023\/07\/19\/lazienka-dla-osob-niepelnosprawnych-projektowanie-z-mysla-o-dostepnosci-i-komforcie\/\",\"name\":\"\u0141azienka dla os\u00f3b niepe\u0142nosprawnych - projektowanie z my\u015bl\u0105 o dost\u0119pno\u015bci i komforcie - Obejrzy i powiedz\",\"isPartOf\":{\"@id\":\"https:\/\/obejrzyj-i-powiedz.pl\/#website\"},\"primaryImageOfPage\":{\"@id\":\"https:\/\/obejrzyj-i-powiedz.pl\/index.php\/2023\/07\/19\/lazienka-dla-osob-niepelnosprawnych-projektowanie-z-mysla-o-dostepnosci-i-komforcie\/#primaryimage\"},\"image\":{\"@id\":\"https:\/\/obejrzyj-i-powiedz.pl\/index.php\/2023\/07\/19\/lazienka-dla-osob-niepelnosprawnych-projektowanie-z-mysla-o-dostepnosci-i-komforcie\/#primaryimage\"},\"thumbnailUrl\":\"https:\/\/obejrzyj-i-powiedz.pl\/wp-content\/uploads\/2023\/07\/pexels-christa-grover-1909656.jpg\",\"datePublished\":\"2023-07-19T05:54:14+00:00\",\"dateModified\":\"2023-07-19T05:54:15+00:00\",\"author\":{\"@id\":\"https:\/\/obejrzyj-i-powiedz.pl\/#\/schema\/person\/fd410d74d1f1a78da782b6c7870b8e14\"},\"breadcrumb\":{\"@id\":\"https:\/\/obejrzyj-i-powiedz.pl\/index.php\/2023\/07\/19\/lazienka-dla-osob-niepelnosprawnych-projektowanie-z-mysla-o-dostepnosci-i-komforcie\/#breadcrumb\"},\"inLanguage\":\"pl-PL\",\"potentialAction\":[{\"@type\":\"ReadAction\",\"target\":[\"https:\/\/obejrzyj-i-powiedz.pl\/index.php\/2023\/07\/19\/lazienka-dla-osob-niepelnosprawnych-projektowanie-z-mysla-o-dostepnosci-i-komforcie\/\"]}]},{\"@type\":\"ImageObject\",\"inLanguage\":\"pl-PL\",\"@id\":\"https:\/\/obejrzyj-i-powiedz.pl\/index.php\/2023\/07\/19\/lazienka-dla-osob-niepelnosprawnych-projektowanie-z-mysla-o-dostepnosci-i-komforcie\/#primaryimage\",\"url\":\"https:\/\/obejrzyj-i-powiedz.pl\/wp-content\/uploads\/2023\/07\/pexels-christa-grover-1909656.jpg\",\"contentUrl\":\"https:\/\/obejrzyj-i-powiedz.pl\/wp-content\/uploads\/2023\/07\/pexels-christa-grover-1909656.jpg\",\"width\":640,\"height\":979},{\"@type\":\"BreadcrumbList\",\"@id\":\"https:\/\/obejrzyj-i-powiedz.pl\/index.php\/2023\/07\/19\/lazienka-dla-osob-niepelnosprawnych-projektowanie-z-mysla-o-dostepnosci-i-komforcie\/#breadcrumb\",\"itemListElement\":[{\"@type\":\"ListItem\",\"position\":1,\"name\":\"Home\",\"item\":\"https:\/\/obejrzyj-i-powiedz.pl\/\"},{\"@type\":\"ListItem\",\"position\":2,\"name\":\"\u0141azienka dla os\u00f3b niepe\u0142nosprawnych &#8211; projektowanie z my\u015bl\u0105 o dost\u0119pno\u015bci i komforcie\"}]},{\"@type\":\"WebSite\",\"@id\":\"https:\/\/obejrzyj-i-powiedz.pl\/#website\",\"url\":\"https:\/\/obejrzyj-i-powiedz.pl\/\",\"name\":\"Obejrzy i powiedz\",\"description\":\"\",\"potentialAction\":[{\"@type\":\"SearchAction\",\"target\":{\"@type\":\"EntryPoint\",\"urlTemplate\":\"https:\/\/obejrzyj-i-powiedz.pl\/?s={search_term_string}\"},\"query-input\":{\"@type\":\"PropertyValueSpecification\",\"valueRequired\":true,\"valueName\":\"search_term_string\"}}],\"inLanguage\":\"pl-PL\"},{\"@type\":\"Person\",\"@id\":\"https:\/\/obejrzyj-i-powiedz.pl\/#\/schema\/person\/fd410d74d1f1a78da782b6c7870b8e14\",\"name\":\"admin\",\"image\":{\"@type\":\"ImageObject\",\"inLanguage\":\"pl-PL\",\"@id\":\"https:\/\/secure.gravatar.com\/avatar\/4e609b381659f1df9d3dea107e3c05fa9ad22a194ec1799dd9a433deddc1fe2c?s=96&d=mm&r=g\",\"url\":\"https:\/\/secure.gravatar.com\/avatar\/4e609b381659f1df9d3dea107e3c05fa9ad22a194ec1799dd9a433deddc1fe2c?s=96&d=mm&r=g\",\"contentUrl\":\"https:\/\/secure.gravatar.com\/avatar\/4e609b381659f1df9d3dea107e3c05fa9ad22a194ec1799dd9a433deddc1fe2c?s=96&d=mm&r=g\",\"caption\":\"admin\"},\"sameAs\":[\"https:\/\/obejrzyj-i-powiedz.pl\"],\"url\":\"https:\/\/obejrzyj-i-powiedz.pl\/index.php\/author\/admin\/\"}]}<\/script>\n<!-- \/ Yoast SEO plugin. -->","yoast_head_json":{"title":"\u0141azienka dla os\u00f3b niepe\u0142nosprawnych - projektowanie z my\u015bl\u0105 o dost\u0119pno\u015bci i komforcie - Obejrzy i powiedz","robots":{"index":"index","follow":"follow","max-snippet":"max-snippet:-1","max-image-preview":"max-image-preview:large","max-video-preview":"max-video-preview:-1"},"canonical":"https:\/\/obejrzyj-i-powiedz.pl\/index.php\/2023\/07\/19\/lazienka-dla-osob-niepelnosprawnych-projektowanie-z-mysla-o-dostepnosci-i-komforcie\/","og_locale":"pl_PL","og_type":"article","og_title":"\u0141azienka dla os\u00f3b niepe\u0142nosprawnych - projektowanie z my\u015bl\u0105 o dost\u0119pno\u015bci i komforcie - Obejrzy i powiedz","og_description":"Dost\u0119p do odpowiednio zaprojektowanych \u0142azienek jest niezwykle istotny dla os\u00f3b niepe\u0142nosprawnych. W\u0142a\u015bciwe zaplanowanie przestrzeni i zastosowanie odpowiednich udogodnie\u0144 mo\u017ce znacz\u0105co poprawi\u0107 jako\u015b\u0107 \u017cycia tych os\u00f3b, zapewniaj\u0105c im niezale\u017cno\u015b\u0107, bezpiecze\u0144stwo i&hellip;","og_url":"https:\/\/obejrzyj-i-powiedz.pl\/index.php\/2023\/07\/19\/lazienka-dla-osob-niepelnosprawnych-projektowanie-z-mysla-o-dostepnosci-i-komforcie\/","og_site_name":"Obejrzy i powiedz","article_published_time":"2023-07-19T05:54:14+00:00","article_modified_time":"2023-07-19T05:54:15+00:00","og_image":[{"width":640,"height":979,"url":"https:\/\/obejrzyj-i-powiedz.pl\/wp-content\/uploads\/2023\/07\/pexels-christa-grover-1909656.jpg","type":"image\/jpeg"}],"author":"admin","twitter_card":"summary_large_image","twitter_misc":{"Napisane przez":"admin","Szacowany czas czytania":"3 minuty"},"schema":{"@context":"https:\/\/schema.org","@graph":[{"@type":"Article","@id":"https:\/\/obejrzyj-i-powiedz.pl\/index.php\/2023\/07\/19\/lazienka-dla-osob-niepelnosprawnych-projektowanie-z-mysla-o-dostepnosci-i-komforcie\/#article","isPartOf":{"@id":"https:\/\/obejrzyj-i-powiedz.pl\/index.php\/2023\/07\/19\/lazienka-dla-osob-niepelnosprawnych-projektowanie-z-mysla-o-dostepnosci-i-komforcie\/"},"author":{"name":"admin","@id":"https:\/\/obejrzyj-i-powiedz.pl\/#\/schema\/person\/fd410d74d1f1a78da782b6c7870b8e14"},"headline":"\u0141azienka dla os\u00f3b niepe\u0142nosprawnych &#8211; projektowanie z my\u015bl\u0105 o dost\u0119pno\u015bci i komforcie","datePublished":"2023-07-19T05:54:14+00:00","dateModified":"2023-07-19T05:54:15+00:00","mainEntityOfPage":{"@id":"https:\/\/obejrzyj-i-powiedz.pl\/index.php\/2023\/07\/19\/lazienka-dla-osob-niepelnosprawnych-projektowanie-z-mysla-o-dostepnosci-i-komforcie\/"},"wordCount":526,"commentCount":0,"image":{"@id":"https:\/\/obejrzyj-i-powiedz.pl\/index.php\/2023\/07\/19\/lazienka-dla-osob-niepelnosprawnych-projektowanie-z-mysla-o-dostepnosci-i-komforcie\/#primaryimage"},"thumbnailUrl":"https:\/\/obejrzyj-i-powiedz.pl\/wp-content\/uploads\/2023\/07\/pexels-christa-grover-1909656.jpg","keywords":["bezpiecze\u0144stwo","dost\u0119pno\u015b\u0107","komfort","\u0141azienka dla os\u00f3b niepe\u0142nosprawnych","pod\u0142oga","por\u0119cze","projektowanie","przestrze\u0144","udogodnienia"],"articleSection":["Zdrowie"],"inLanguage":"pl-PL","potentialAction":[{"@type":"CommentAction","name":"Comment","target":["https:\/\/obejrzyj-i-powiedz.pl\/index.php\/2023\/07\/19\/lazienka-dla-osob-niepelnosprawnych-projektowanie-z-mysla-o-dostepnosci-i-komforcie\/#respond"]}]},{"@type":"WebPage","@id":"https:\/\/obejrzyj-i-powiedz.pl\/index.php\/2023\/07\/19\/lazienka-dla-osob-niepelnosprawnych-projektowanie-z-mysla-o-dostepnosci-i-komforcie\/","url":"https:\/\/obejrzyj-i-powiedz.pl\/index.php\/2023\/07\/19\/lazienka-dla-osob-niepelnosprawnych-projektowanie-z-mysla-o-dostepnosci-i-komforcie\/","name":"\u0141azienka dla os\u00f3b niepe\u0142nosprawnych - projektowanie z my\u015bl\u0105 o dost\u0119pno\u015bci i komforcie - Obejrzy i powiedz","isPartOf":{"@id":"https:\/\/obejrzyj-i-powiedz.pl\/#website"},"primaryImageOfPage":{"@id":"https:\/\/obejrzyj-i-powiedz.pl\/index.php\/2023\/07\/19\/lazienka-dla-osob-niepelnosprawnych-projektowanie-z-mysla-o-dostepnosci-i-komforcie\/#primaryimage"},"image":{"@id":"https:\/\/obejrzyj-i-powiedz.pl\/index.php\/2023\/07\/19\/lazienka-dla-osob-niepelnosprawnych-projektowanie-z-mysla-o-dostepnosci-i-komforcie\/#primaryimage"},"thumbnailUrl":"https:\/\/obejrzyj-i-powiedz.pl\/wp-content\/uploads\/2023\/07\/pexels-christa-grover-1909656.jpg","datePublished":"2023-07-19T05:54:14+00:00","dateModified":"2023-07-19T05:54:15+00:00","author":{"@id":"https:\/\/obejrzyj-i-powiedz.pl\/#\/schema\/person\/fd410d74d1f1a78da782b6c7870b8e14"},"breadcrumb":{"@id":"https:\/\/obejrzyj-i-powiedz.pl\/index.php\/2023\/07\/19\/lazienka-dla-osob-niepelnosprawnych-projektowanie-z-mysla-o-dostepnosci-i-komforcie\/#breadcrumb"},"inLanguage":"pl-PL","potentialAction":[{"@type":"ReadAction","target":["https:\/\/obejrzyj-i-powiedz.pl\/index.php\/2023\/07\/19\/lazienka-dla-osob-niepelnosprawnych-projektowanie-z-mysla-o-dostepnosci-i-komforcie\/"]}]},{"@type":"ImageObject","inLanguage":"pl-PL","@id":"https:\/\/obejrzyj-i-powiedz.pl\/index.php\/2023\/07\/19\/lazienka-dla-osob-niepelnosprawnych-projektowanie-z-mysla-o-dostepnosci-i-komforcie\/#primaryimage","url":"https:\/\/obejrzyj-i-powiedz.pl\/wp-content\/uploads\/2023\/07\/pexels-christa-grover-1909656.jpg","contentUrl":"https:\/\/obejrzyj-i-powiedz.pl\/wp-content\/uploads\/2023\/07\/pexels-christa-grover-1909656.jpg","width":640,"height":979},{"@type":"BreadcrumbList","@id":"https:\/\/obejrzyj-i-powiedz.pl\/index.php\/2023\/07\/19\/lazienka-dla-osob-niepelnosprawnych-projektowanie-z-mysla-o-dostepnosci-i-komforcie\/#breadcrumb","itemListElement":[{"@type":"ListItem","position":1,"name":"Home","item":"https:\/\/obejrzyj-i-powiedz.pl\/"},{"@type":"ListItem","position":2,"name":"\u0141azienka dla os\u00f3b niepe\u0142nosprawnych &#8211; projektowanie z my\u015bl\u0105 o dost\u0119pno\u015bci i komforcie"}]},{"@type":"WebSite","@id":"https:\/\/obejrzyj-i-powiedz.pl\/#website","url":"https:\/\/obejrzyj-i-powiedz.pl\/","name":"Obejrzy i powiedz","description":"","potentialAction":[{"@type":"SearchAction","target":{"@type":"EntryPoint","urlTemplate":"https:\/\/obejrzyj-i-powiedz.pl\/?s={search_term_string}"},"query-input":{"@type":"PropertyValueSpecification","valueRequired":true,"valueName":"search_term_string"}}],"inLanguage":"pl-PL"},{"@type":"Person","@id":"https:\/\/obejrzyj-i-powiedz.pl\/#\/schema\/person\/fd410d74d1f1a78da782b6c7870b8e14","name":"admin","image":{"@type":"ImageObject","inLanguage":"pl-PL","@id":"https:\/\/secure.gravatar.com\/avatar\/4e609b381659f1df9d3dea107e3c05fa9ad22a194ec1799dd9a433deddc1fe2c?s=96&d=mm&r=g","url":"https:\/\/secure.gravatar.com\/avatar\/4e609b381659f1df9d3dea107e3c05fa9ad22a194ec1799dd9a433deddc1fe2c?s=96&d=mm&r=g","contentUrl":"https:\/\/secure.gravatar.com\/avatar\/4e609b381659f1df9d3dea107e3c05fa9ad22a194ec1799dd9a433deddc1fe2c?s=96&d=mm&r=g","caption":"admin"},"sameAs":["https:\/\/obejrzyj-i-powiedz.pl"],"url":"https:\/\/obejrzyj-i-powiedz.pl\/index.php\/author\/admin\/"}]}},"_links":{"self":[{"href":"https:\/\/obejrzyj-i-powiedz.pl\/index.php\/wp-json\/wp\/v2\/posts\/296","targetHints":{"allow":["GET"]}}],"collection":[{"href":"https:\/\/obejrzyj-i-powiedz.pl\/index.php\/wp-json\/wp\/v2\/posts"}],"about":[{"href":"https:\/\/obejrzyj-i-powiedz.pl\/index.php\/wp-json\/wp\/v2\/types\/post"}],"author":[{"embeddable":true,"href":"https:\/\/obejrzyj-i-powiedz.pl\/index.php\/wp-json\/wp\/v2\/users\/1"}],"replies":[{"embeddable":true,"href":"https:\/\/obejrzyj-i-powiedz.pl\/index.php\/wp-json\/wp\/v2\/comments?post=296"}],"version-history":[{"count":0,"href":"https:\/\/obejrzyj-i-powiedz.pl\/index.php\/wp-json\/wp\/v2\/posts\/296\/revisions"}],"wp:featuredmedia":[{"embeddable":true,"href":"https:\/\/obejrzyj-i-powiedz.pl\/index.php\/wp-json\/wp\/v2\/media\/297"}],"wp:attachment":[{"href":"https:\/\/obejrzyj-i-powiedz.pl\/index.php\/wp-json\/wp\/v2\/media?parent=296"}],"wp:term":[{"taxonomy":"category","embeddable":true,"href":"https:\/\/obejrzyj-i-powiedz.pl\/index.php\/wp-json\/wp\/v2\/categories?post=296"},{"taxonomy":"post_tag","embeddable":true,"href":"https:\/\/obejrzyj-i-powiedz.pl\/index.php\/wp-json\/wp\/v2\/tags?post=296"}],"curies":[{"name":"wp","href":"https:\/\/api.w.org\/{rel}","templated":true}]}}