{"id":50,"date":"2023-07-06T09:53:05","date_gmt":"2023-07-06T09:53:05","guid":{"rendered":"https:\/\/obejrzyj-i-powiedz.pl\/?p=50"},"modified":"2023-07-06T09:53:06","modified_gmt":"2023-07-06T09:53:06","slug":"wprowadzenie-do-historii-sztuki-od-starozytnosci-do-wspolczesnosci","status":"publish","type":"post","link":"https:\/\/obejrzyj-i-powiedz.pl\/index.php\/2023\/07\/06\/wprowadzenie-do-historii-sztuki-od-starozytnosci-do-wspolczesnosci\/","title":{"rendered":"Wprowadzenie do historii sztuki: Od staro\u017cytno\u015bci do wsp\u00f3\u0142czesno\u015bci"},"content":{"rendered":"\n<p>Historia sztuki jest fascynuj\u0105cym polem badawczym, kt\u00f3re bada i dokumentuje rozw\u00f3j sztuki i wyra\u017cania artystycznego na przestrzeni wiek\u00f3w. Od staro\u017cytnych cywilizacji po wsp\u00f3\u0142czesno\u015b\u0107, sztuka odzwierciedla\u0142a kultur\u0119, religi\u0119, polityk\u0119 i spo\u0142ecze\u0144stwo, stanowi\u0105c niezwykle wa\u017cn\u0105 cz\u0119\u015b\u0107 naszej dziedzictwa kulturowego. W tym wpisie przedstawimy kr\u00f3tkie wprowadzenie do historii sztuki, pokazuj\u0105c kluczowe okresy i style, kt\u00f3re kszta\u0142towa\u0142y to, co dzisiaj nazywamy sztuk\u0105.<\/p>\n\n\n\n<!--more-->\n\n\n\n<p><strong>Staro\u017cytno\u015b\u0107<\/strong><br>Sztuka staro\u017cytna obejmuje okres od pocz\u0105tk\u00f3w cywilizacji do upadku Cesarstwa Rzymskiego. Sztuka egipska, mezopotamska, grecka i rzymska stanowi\u0142y fundamenty dla p\u00f3\u017aniejszych styl\u00f3w i technik artystycznych. Egipcjanie tworzyli monumentalne pos\u0105gi i malowid\u0142a na grobowcach, maj\u0105ce na celu zapewnienie zmar\u0142ym \u017cycia wiecznego. W Grecji sztuka by\u0142a silnie zwi\u0105zana z mitologi\u0105 i opiewa\u0142a pi\u0119kno cia\u0142a ludzkiego. Rzymianie natomiast rozwijali techniki malarskie i rze\u017abiarskie, tworz\u0105c realistyczne portrety i monumentalne budowle.<\/p>\n\n\n\n<p><strong>\u015aredniowiecze<\/strong><br>Okres \u015bredniowiecza, trwaj\u0105cy od V do XV wieku, charakteryzowa\u0142 si\u0119 dominacj\u0105 chrze\u015bcija\u0144skiego Ko\u015bcio\u0142a i silnym oddzia\u0142ywaniem religii na sztuk\u0119. Architektura roma\u0144ska i gotycka zdominowa\u0142a krajobraz europejski, tworz\u0105c majestatyczne katedry i zamki. W ikonografii sakralnej, malarstwie i rze\u017abie przewa\u017ca\u0142y motywy religijne, oddaj\u0105ce wiar\u0119 i duchowo\u015b\u0107 tamtego okresu.<\/p>\n\n\n\n<p><strong>Renesans<\/strong><br>Renesans, trwaj\u0105cy od XIV do XVI wieku, to okres odrodzenia nauki, sztuki i kultury. Sztuka renesansowa skupia\u0142a si\u0119 na cz\u0142owieku jako centralnym temacie i powraca\u0142a do antycznych wzorc\u00f3w i idealizmu. Malarze, tak jak Leonardo da Vinci i Michelangelo, doskonalili techniki malarskie, tworz\u0105c dzie\u0142a o niezr\u00f3wnanej harmonii, proporcji i realizmie. Architektura renesansowa z kolei \u0142\u0105czy\u0142a elementy antyczne z innowacyjnymi rozwi\u0105zaniami, co zaowocowa\u0142o powstaniem monumentalnych budowli, takich jak katedra Santa Maria del Fiore we Florencji.<\/p>\n\n\n\n<p><strong>Barok<\/strong><br>Barok, trwaj\u0105cy od XVII do XVIII wieku, to okres, kt\u00f3ry cechowa\u0142a dramatyczno\u015b\u0107, przepychem i teatralno\u015b\u0107. Sztuka barokowa mia\u0142a na celu wywo\u0142ywanie silnych emocji i oddzia\u0142ywanie na widza. W malarstwie barokowym, takim jak dzie\u0142a Caravaggia czy Rembrandta, \u015bwiat\u0142o i cie\u0144 odgrywa\u0142y istotn\u0105 rol\u0119, nadaj\u0105c kompozycjom g\u0142\u0119bi\u0119 i dramatyzm. Architektura barokowa skupia\u0142a si\u0119 na tworzeniu imponuj\u0105cych ko\u015bcio\u0142\u00f3w i pa\u0142ac\u00f3w, kt\u00f3re mia\u0142y wywo\u0142ywa\u0107 uczucie podziwu i zachwytu.<\/p>\n\n\n\n<p><strong>Klasycyzm<\/strong><br>Klasycyzm, kt\u00f3ry przypada\u0142 na XVIII i pocz\u0105tek XIX wieku, by\u0142 reakcj\u0105 na rozmach baroku i d\u0105\u017cy\u0142 do powrotu do prostoty, r\u00f3wnowagi i harmonii antycznych wzorc\u00f3w. Sztuka klasycystyczna, inspirowana sztuk\u0105 staro\u017cytnej Grecji i Rzymu, skupia\u0142a si\u0119 na idealizacji formy i przekazywaniu uniwersalnych warto\u015bci. Architektura klasycystyczna, reprezentowana przez takie budowle jak Pa\u0142ac Buckingham czy Kapitol w Waszyngtonie, charakteryzowa\u0142a si\u0119 symetri\u0105, porz\u0105dkiem i elegancj\u0105.<\/p>\n\n\n\n<p><strong>Impresjonizm<\/strong><br>Impresjonizm, rozwijaj\u0105cy si\u0119 w drugiej po\u0142owie XIX wieku, odrzuci\u0142 tradycyjne kanony malarskie i skupi\u0142 si\u0119 na chwytaniu efektu \u015bwietlnego i natychmiastowych wra\u017ce\u0144. Malarze impresjoni\u015bci, tak jak Claude Monet czy Pierre-Auguste Renoir, malowali na \u015bwie\u017cym powietrzu, \u0142api\u0105c migawkowe wra\u017cenia i kreuj\u0105c atmosferyczne pejza\u017ce i sceny codziennego \u017cycia.<\/p>\n\n\n\n<p><strong>Sztuka wsp\u00f3\u0142czesna<\/strong><br>Sztuka wsp\u00f3\u0142czesna, obejmuj\u0105ca XX i XXI wiek, jest niezwykle r\u00f3\u017cnorodna i eksperymentalna. Od ruch\u00f3w awangardowych, takich jak kubizm, dadaizm czy surrealizm, po sztuk\u0119 konceptualn\u0105, land art czy street art, wsp\u00f3\u0142czesna sztuka poszerza granice tradycyjnych form i wykorzystuje r\u00f3\u017cnorodne media i techniki. Artystyczn\u0105 tw\u00f3rczo\u015b\u0107 tego okresu charakteryzuje cz\u0119sto silne zaanga\u017cowanie spo\u0142eczne, krytyka systemu czy poszukiwanie nowych form wyrazu.<\/p>\n\n\n\n<p>To tylko kilka z wielu okres\u00f3w i styl\u00f3w, kt\u00f3re kszta\u0142towa\u0142y histori\u0119 sztuki. Ka\u017cdy z nich ma swoje unikalne cechy, inspiracje i przekazy. Poznanie tych kluczowych moment\u00f3w i styl\u00f3w pozwala lepiej zrozumie\u0107 i doceni\u0107 bogactwo i r\u00f3\u017cnorodno\u015b\u0107 sztuki. Zach\u0119camy do kontynuowania eksploracji i odkrywania jej fascynuj\u0105cego \u015bwiata, kt\u00f3ry jest nieustannie kszta\u0142towany przez artyst\u00f3w i ich wyraz tw\u00f3rczy.<\/p>\n","protected":false},"excerpt":{"rendered":"<p>Historia sztuki jest fascynuj\u0105cym polem badawczym, kt\u00f3re bada i dokumentuje rozw\u00f3j sztuki i wyra\u017cania artystycznego na przestrzeni wiek\u00f3w. Od staro\u017cytnych cywilizacji po wsp\u00f3\u0142czesno\u015b\u0107, sztuka odzwierciedla\u0142a kultur\u0119, religi\u0119, polityk\u0119 i spo\u0142ecze\u0144stwo,&hellip;<\/p>\n","protected":false},"author":1,"featured_media":51,"comment_status":"open","ping_status":"closed","sticky":false,"template":"","format":"standard","meta":{"footnotes":""},"categories":[3],"tags":[948,946,949,954,233,953,365,955],"class_list":["post-50","post","type-post","status-publish","format-standard","has-post-thumbnail","hentry","category-sztuka","tag-barok","tag-historia-sztuki","tag-impresjonizm","tag-klasycyzm","tag-renesans","tag-starozytnosc","tag-sztuka","tag-sztuka-wspolczesna"],"yoast_head":"<!-- This site is optimized with the Yoast SEO plugin v27.2 - https:\/\/yoast.com\/product\/yoast-seo-wordpress\/ -->\n<title>Wprowadzenie do historii sztuki: Od staro\u017cytno\u015bci do wsp\u00f3\u0142czesno\u015bci - Obejrzy i powiedz<\/title>\n<meta name=\"robots\" content=\"index, follow, max-snippet:-1, max-image-preview:large, max-video-preview:-1\" \/>\n<link rel=\"canonical\" href=\"https:\/\/obejrzyj-i-powiedz.pl\/index.php\/2023\/07\/06\/wprowadzenie-do-historii-sztuki-od-starozytnosci-do-wspolczesnosci\/\" \/>\n<meta property=\"og:locale\" content=\"pl_PL\" \/>\n<meta property=\"og:type\" content=\"article\" \/>\n<meta property=\"og:title\" content=\"Wprowadzenie do historii sztuki: Od staro\u017cytno\u015bci do wsp\u00f3\u0142czesno\u015bci - Obejrzy i powiedz\" \/>\n<meta property=\"og:description\" content=\"Historia sztuki jest fascynuj\u0105cym polem badawczym, kt\u00f3re bada i dokumentuje rozw\u00f3j sztuki i wyra\u017cania artystycznego na przestrzeni wiek\u00f3w. Od staro\u017cytnych cywilizacji po wsp\u00f3\u0142czesno\u015b\u0107, sztuka odzwierciedla\u0142a kultur\u0119, religi\u0119, polityk\u0119 i spo\u0142ecze\u0144stwo,&hellip;\" \/>\n<meta property=\"og:url\" content=\"https:\/\/obejrzyj-i-powiedz.pl\/index.php\/2023\/07\/06\/wprowadzenie-do-historii-sztuki-od-starozytnosci-do-wspolczesnosci\/\" \/>\n<meta property=\"og:site_name\" content=\"Obejrzy i powiedz\" \/>\n<meta property=\"article:published_time\" content=\"2023-07-06T09:53:05+00:00\" \/>\n<meta property=\"article:modified_time\" content=\"2023-07-06T09:53:06+00:00\" \/>\n<meta property=\"og:image\" content=\"https:\/\/obejrzyj-i-powiedz.pl\/wp-content\/uploads\/2023\/07\/pexels-aa-dil-2884867-scaled.jpg\" \/>\n\t<meta property=\"og:image:width\" content=\"1709\" \/>\n\t<meta property=\"og:image:height\" content=\"2560\" \/>\n\t<meta property=\"og:image:type\" content=\"image\/jpeg\" \/>\n<meta name=\"author\" content=\"admin\" \/>\n<meta name=\"twitter:card\" content=\"summary_large_image\" \/>\n<meta name=\"twitter:label1\" content=\"Napisane przez\" \/>\n\t<meta name=\"twitter:data1\" content=\"admin\" \/>\n\t<meta name=\"twitter:label2\" content=\"Szacowany czas czytania\" \/>\n\t<meta name=\"twitter:data2\" content=\"4 minuty\" \/>\n<script type=\"application\/ld+json\" class=\"yoast-schema-graph\">{\"@context\":\"https:\/\/schema.org\",\"@graph\":[{\"@type\":\"Article\",\"@id\":\"https:\/\/obejrzyj-i-powiedz.pl\/index.php\/2023\/07\/06\/wprowadzenie-do-historii-sztuki-od-starozytnosci-do-wspolczesnosci\/#article\",\"isPartOf\":{\"@id\":\"https:\/\/obejrzyj-i-powiedz.pl\/index.php\/2023\/07\/06\/wprowadzenie-do-historii-sztuki-od-starozytnosci-do-wspolczesnosci\/\"},\"author\":{\"name\":\"admin\",\"@id\":\"https:\/\/obejrzyj-i-powiedz.pl\/#\/schema\/person\/fd410d74d1f1a78da782b6c7870b8e14\"},\"headline\":\"Wprowadzenie do historii sztuki: Od staro\u017cytno\u015bci do wsp\u00f3\u0142czesno\u015bci\",\"datePublished\":\"2023-07-06T09:53:05+00:00\",\"dateModified\":\"2023-07-06T09:53:06+00:00\",\"mainEntityOfPage\":{\"@id\":\"https:\/\/obejrzyj-i-powiedz.pl\/index.php\/2023\/07\/06\/wprowadzenie-do-historii-sztuki-od-starozytnosci-do-wspolczesnosci\/\"},\"wordCount\":672,\"commentCount\":0,\"image\":{\"@id\":\"https:\/\/obejrzyj-i-powiedz.pl\/index.php\/2023\/07\/06\/wprowadzenie-do-historii-sztuki-od-starozytnosci-do-wspolczesnosci\/#primaryimage\"},\"thumbnailUrl\":\"https:\/\/obejrzyj-i-powiedz.pl\/wp-content\/uploads\/2023\/07\/pexels-aa-dil-2884867-scaled.jpg\",\"keywords\":[\"barok\",\"historia sztuki\",\"impresjonizm\",\"klasycyzm\",\"renesans\",\"staro\u017cytno\u015b\u0107\",\"sztuka\",\"sztuka wsp\u00f3\u0142czesna\"],\"articleSection\":[\"Sztuka\"],\"inLanguage\":\"pl-PL\",\"potentialAction\":[{\"@type\":\"CommentAction\",\"name\":\"Comment\",\"target\":[\"https:\/\/obejrzyj-i-powiedz.pl\/index.php\/2023\/07\/06\/wprowadzenie-do-historii-sztuki-od-starozytnosci-do-wspolczesnosci\/#respond\"]}]},{\"@type\":\"WebPage\",\"@id\":\"https:\/\/obejrzyj-i-powiedz.pl\/index.php\/2023\/07\/06\/wprowadzenie-do-historii-sztuki-od-starozytnosci-do-wspolczesnosci\/\",\"url\":\"https:\/\/obejrzyj-i-powiedz.pl\/index.php\/2023\/07\/06\/wprowadzenie-do-historii-sztuki-od-starozytnosci-do-wspolczesnosci\/\",\"name\":\"Wprowadzenie do historii sztuki: Od staro\u017cytno\u015bci do wsp\u00f3\u0142czesno\u015bci - Obejrzy i powiedz\",\"isPartOf\":{\"@id\":\"https:\/\/obejrzyj-i-powiedz.pl\/#website\"},\"primaryImageOfPage\":{\"@id\":\"https:\/\/obejrzyj-i-powiedz.pl\/index.php\/2023\/07\/06\/wprowadzenie-do-historii-sztuki-od-starozytnosci-do-wspolczesnosci\/#primaryimage\"},\"image\":{\"@id\":\"https:\/\/obejrzyj-i-powiedz.pl\/index.php\/2023\/07\/06\/wprowadzenie-do-historii-sztuki-od-starozytnosci-do-wspolczesnosci\/#primaryimage\"},\"thumbnailUrl\":\"https:\/\/obejrzyj-i-powiedz.pl\/wp-content\/uploads\/2023\/07\/pexels-aa-dil-2884867-scaled.jpg\",\"datePublished\":\"2023-07-06T09:53:05+00:00\",\"dateModified\":\"2023-07-06T09:53:06+00:00\",\"author\":{\"@id\":\"https:\/\/obejrzyj-i-powiedz.pl\/#\/schema\/person\/fd410d74d1f1a78da782b6c7870b8e14\"},\"breadcrumb\":{\"@id\":\"https:\/\/obejrzyj-i-powiedz.pl\/index.php\/2023\/07\/06\/wprowadzenie-do-historii-sztuki-od-starozytnosci-do-wspolczesnosci\/#breadcrumb\"},\"inLanguage\":\"pl-PL\",\"potentialAction\":[{\"@type\":\"ReadAction\",\"target\":[\"https:\/\/obejrzyj-i-powiedz.pl\/index.php\/2023\/07\/06\/wprowadzenie-do-historii-sztuki-od-starozytnosci-do-wspolczesnosci\/\"]}]},{\"@type\":\"ImageObject\",\"inLanguage\":\"pl-PL\",\"@id\":\"https:\/\/obejrzyj-i-powiedz.pl\/index.php\/2023\/07\/06\/wprowadzenie-do-historii-sztuki-od-starozytnosci-do-wspolczesnosci\/#primaryimage\",\"url\":\"https:\/\/obejrzyj-i-powiedz.pl\/wp-content\/uploads\/2023\/07\/pexels-aa-dil-2884867-scaled.jpg\",\"contentUrl\":\"https:\/\/obejrzyj-i-powiedz.pl\/wp-content\/uploads\/2023\/07\/pexels-aa-dil-2884867-scaled.jpg\",\"width\":1709,\"height\":2560},{\"@type\":\"BreadcrumbList\",\"@id\":\"https:\/\/obejrzyj-i-powiedz.pl\/index.php\/2023\/07\/06\/wprowadzenie-do-historii-sztuki-od-starozytnosci-do-wspolczesnosci\/#breadcrumb\",\"itemListElement\":[{\"@type\":\"ListItem\",\"position\":1,\"name\":\"Home\",\"item\":\"https:\/\/obejrzyj-i-powiedz.pl\/\"},{\"@type\":\"ListItem\",\"position\":2,\"name\":\"Wprowadzenie do historii sztuki: Od staro\u017cytno\u015bci do wsp\u00f3\u0142czesno\u015bci\"}]},{\"@type\":\"WebSite\",\"@id\":\"https:\/\/obejrzyj-i-powiedz.pl\/#website\",\"url\":\"https:\/\/obejrzyj-i-powiedz.pl\/\",\"name\":\"Obejrzy i powiedz\",\"description\":\"\",\"potentialAction\":[{\"@type\":\"SearchAction\",\"target\":{\"@type\":\"EntryPoint\",\"urlTemplate\":\"https:\/\/obejrzyj-i-powiedz.pl\/?s={search_term_string}\"},\"query-input\":{\"@type\":\"PropertyValueSpecification\",\"valueRequired\":true,\"valueName\":\"search_term_string\"}}],\"inLanguage\":\"pl-PL\"},{\"@type\":\"Person\",\"@id\":\"https:\/\/obejrzyj-i-powiedz.pl\/#\/schema\/person\/fd410d74d1f1a78da782b6c7870b8e14\",\"name\":\"admin\",\"image\":{\"@type\":\"ImageObject\",\"inLanguage\":\"pl-PL\",\"@id\":\"https:\/\/secure.gravatar.com\/avatar\/4e609b381659f1df9d3dea107e3c05fa9ad22a194ec1799dd9a433deddc1fe2c?s=96&d=mm&r=g\",\"url\":\"https:\/\/secure.gravatar.com\/avatar\/4e609b381659f1df9d3dea107e3c05fa9ad22a194ec1799dd9a433deddc1fe2c?s=96&d=mm&r=g\",\"contentUrl\":\"https:\/\/secure.gravatar.com\/avatar\/4e609b381659f1df9d3dea107e3c05fa9ad22a194ec1799dd9a433deddc1fe2c?s=96&d=mm&r=g\",\"caption\":\"admin\"},\"sameAs\":[\"https:\/\/obejrzyj-i-powiedz.pl\"],\"url\":\"https:\/\/obejrzyj-i-powiedz.pl\/index.php\/author\/admin\/\"}]}<\/script>\n<!-- \/ Yoast SEO plugin. -->","yoast_head_json":{"title":"Wprowadzenie do historii sztuki: Od staro\u017cytno\u015bci do wsp\u00f3\u0142czesno\u015bci - Obejrzy i powiedz","robots":{"index":"index","follow":"follow","max-snippet":"max-snippet:-1","max-image-preview":"max-image-preview:large","max-video-preview":"max-video-preview:-1"},"canonical":"https:\/\/obejrzyj-i-powiedz.pl\/index.php\/2023\/07\/06\/wprowadzenie-do-historii-sztuki-od-starozytnosci-do-wspolczesnosci\/","og_locale":"pl_PL","og_type":"article","og_title":"Wprowadzenie do historii sztuki: Od staro\u017cytno\u015bci do wsp\u00f3\u0142czesno\u015bci - Obejrzy i powiedz","og_description":"Historia sztuki jest fascynuj\u0105cym polem badawczym, kt\u00f3re bada i dokumentuje rozw\u00f3j sztuki i wyra\u017cania artystycznego na przestrzeni wiek\u00f3w. Od staro\u017cytnych cywilizacji po wsp\u00f3\u0142czesno\u015b\u0107, sztuka odzwierciedla\u0142a kultur\u0119, religi\u0119, polityk\u0119 i spo\u0142ecze\u0144stwo,&hellip;","og_url":"https:\/\/obejrzyj-i-powiedz.pl\/index.php\/2023\/07\/06\/wprowadzenie-do-historii-sztuki-od-starozytnosci-do-wspolczesnosci\/","og_site_name":"Obejrzy i powiedz","article_published_time":"2023-07-06T09:53:05+00:00","article_modified_time":"2023-07-06T09:53:06+00:00","og_image":[{"width":1709,"height":2560,"url":"https:\/\/obejrzyj-i-powiedz.pl\/wp-content\/uploads\/2023\/07\/pexels-aa-dil-2884867-scaled.jpg","type":"image\/jpeg"}],"author":"admin","twitter_card":"summary_large_image","twitter_misc":{"Napisane przez":"admin","Szacowany czas czytania":"4 minuty"},"schema":{"@context":"https:\/\/schema.org","@graph":[{"@type":"Article","@id":"https:\/\/obejrzyj-i-powiedz.pl\/index.php\/2023\/07\/06\/wprowadzenie-do-historii-sztuki-od-starozytnosci-do-wspolczesnosci\/#article","isPartOf":{"@id":"https:\/\/obejrzyj-i-powiedz.pl\/index.php\/2023\/07\/06\/wprowadzenie-do-historii-sztuki-od-starozytnosci-do-wspolczesnosci\/"},"author":{"name":"admin","@id":"https:\/\/obejrzyj-i-powiedz.pl\/#\/schema\/person\/fd410d74d1f1a78da782b6c7870b8e14"},"headline":"Wprowadzenie do historii sztuki: Od staro\u017cytno\u015bci do wsp\u00f3\u0142czesno\u015bci","datePublished":"2023-07-06T09:53:05+00:00","dateModified":"2023-07-06T09:53:06+00:00","mainEntityOfPage":{"@id":"https:\/\/obejrzyj-i-powiedz.pl\/index.php\/2023\/07\/06\/wprowadzenie-do-historii-sztuki-od-starozytnosci-do-wspolczesnosci\/"},"wordCount":672,"commentCount":0,"image":{"@id":"https:\/\/obejrzyj-i-powiedz.pl\/index.php\/2023\/07\/06\/wprowadzenie-do-historii-sztuki-od-starozytnosci-do-wspolczesnosci\/#primaryimage"},"thumbnailUrl":"https:\/\/obejrzyj-i-powiedz.pl\/wp-content\/uploads\/2023\/07\/pexels-aa-dil-2884867-scaled.jpg","keywords":["barok","historia sztuki","impresjonizm","klasycyzm","renesans","staro\u017cytno\u015b\u0107","sztuka","sztuka wsp\u00f3\u0142czesna"],"articleSection":["Sztuka"],"inLanguage":"pl-PL","potentialAction":[{"@type":"CommentAction","name":"Comment","target":["https:\/\/obejrzyj-i-powiedz.pl\/index.php\/2023\/07\/06\/wprowadzenie-do-historii-sztuki-od-starozytnosci-do-wspolczesnosci\/#respond"]}]},{"@type":"WebPage","@id":"https:\/\/obejrzyj-i-powiedz.pl\/index.php\/2023\/07\/06\/wprowadzenie-do-historii-sztuki-od-starozytnosci-do-wspolczesnosci\/","url":"https:\/\/obejrzyj-i-powiedz.pl\/index.php\/2023\/07\/06\/wprowadzenie-do-historii-sztuki-od-starozytnosci-do-wspolczesnosci\/","name":"Wprowadzenie do historii sztuki: Od staro\u017cytno\u015bci do wsp\u00f3\u0142czesno\u015bci - Obejrzy i powiedz","isPartOf":{"@id":"https:\/\/obejrzyj-i-powiedz.pl\/#website"},"primaryImageOfPage":{"@id":"https:\/\/obejrzyj-i-powiedz.pl\/index.php\/2023\/07\/06\/wprowadzenie-do-historii-sztuki-od-starozytnosci-do-wspolczesnosci\/#primaryimage"},"image":{"@id":"https:\/\/obejrzyj-i-powiedz.pl\/index.php\/2023\/07\/06\/wprowadzenie-do-historii-sztuki-od-starozytnosci-do-wspolczesnosci\/#primaryimage"},"thumbnailUrl":"https:\/\/obejrzyj-i-powiedz.pl\/wp-content\/uploads\/2023\/07\/pexels-aa-dil-2884867-scaled.jpg","datePublished":"2023-07-06T09:53:05+00:00","dateModified":"2023-07-06T09:53:06+00:00","author":{"@id":"https:\/\/obejrzyj-i-powiedz.pl\/#\/schema\/person\/fd410d74d1f1a78da782b6c7870b8e14"},"breadcrumb":{"@id":"https:\/\/obejrzyj-i-powiedz.pl\/index.php\/2023\/07\/06\/wprowadzenie-do-historii-sztuki-od-starozytnosci-do-wspolczesnosci\/#breadcrumb"},"inLanguage":"pl-PL","potentialAction":[{"@type":"ReadAction","target":["https:\/\/obejrzyj-i-powiedz.pl\/index.php\/2023\/07\/06\/wprowadzenie-do-historii-sztuki-od-starozytnosci-do-wspolczesnosci\/"]}]},{"@type":"ImageObject","inLanguage":"pl-PL","@id":"https:\/\/obejrzyj-i-powiedz.pl\/index.php\/2023\/07\/06\/wprowadzenie-do-historii-sztuki-od-starozytnosci-do-wspolczesnosci\/#primaryimage","url":"https:\/\/obejrzyj-i-powiedz.pl\/wp-content\/uploads\/2023\/07\/pexels-aa-dil-2884867-scaled.jpg","contentUrl":"https:\/\/obejrzyj-i-powiedz.pl\/wp-content\/uploads\/2023\/07\/pexels-aa-dil-2884867-scaled.jpg","width":1709,"height":2560},{"@type":"BreadcrumbList","@id":"https:\/\/obejrzyj-i-powiedz.pl\/index.php\/2023\/07\/06\/wprowadzenie-do-historii-sztuki-od-starozytnosci-do-wspolczesnosci\/#breadcrumb","itemListElement":[{"@type":"ListItem","position":1,"name":"Home","item":"https:\/\/obejrzyj-i-powiedz.pl\/"},{"@type":"ListItem","position":2,"name":"Wprowadzenie do historii sztuki: Od staro\u017cytno\u015bci do wsp\u00f3\u0142czesno\u015bci"}]},{"@type":"WebSite","@id":"https:\/\/obejrzyj-i-powiedz.pl\/#website","url":"https:\/\/obejrzyj-i-powiedz.pl\/","name":"Obejrzy i powiedz","description":"","potentialAction":[{"@type":"SearchAction","target":{"@type":"EntryPoint","urlTemplate":"https:\/\/obejrzyj-i-powiedz.pl\/?s={search_term_string}"},"query-input":{"@type":"PropertyValueSpecification","valueRequired":true,"valueName":"search_term_string"}}],"inLanguage":"pl-PL"},{"@type":"Person","@id":"https:\/\/obejrzyj-i-powiedz.pl\/#\/schema\/person\/fd410d74d1f1a78da782b6c7870b8e14","name":"admin","image":{"@type":"ImageObject","inLanguage":"pl-PL","@id":"https:\/\/secure.gravatar.com\/avatar\/4e609b381659f1df9d3dea107e3c05fa9ad22a194ec1799dd9a433deddc1fe2c?s=96&d=mm&r=g","url":"https:\/\/secure.gravatar.com\/avatar\/4e609b381659f1df9d3dea107e3c05fa9ad22a194ec1799dd9a433deddc1fe2c?s=96&d=mm&r=g","contentUrl":"https:\/\/secure.gravatar.com\/avatar\/4e609b381659f1df9d3dea107e3c05fa9ad22a194ec1799dd9a433deddc1fe2c?s=96&d=mm&r=g","caption":"admin"},"sameAs":["https:\/\/obejrzyj-i-powiedz.pl"],"url":"https:\/\/obejrzyj-i-powiedz.pl\/index.php\/author\/admin\/"}]}},"_links":{"self":[{"href":"https:\/\/obejrzyj-i-powiedz.pl\/index.php\/wp-json\/wp\/v2\/posts\/50","targetHints":{"allow":["GET"]}}],"collection":[{"href":"https:\/\/obejrzyj-i-powiedz.pl\/index.php\/wp-json\/wp\/v2\/posts"}],"about":[{"href":"https:\/\/obejrzyj-i-powiedz.pl\/index.php\/wp-json\/wp\/v2\/types\/post"}],"author":[{"embeddable":true,"href":"https:\/\/obejrzyj-i-powiedz.pl\/index.php\/wp-json\/wp\/v2\/users\/1"}],"replies":[{"embeddable":true,"href":"https:\/\/obejrzyj-i-powiedz.pl\/index.php\/wp-json\/wp\/v2\/comments?post=50"}],"version-history":[{"count":0,"href":"https:\/\/obejrzyj-i-powiedz.pl\/index.php\/wp-json\/wp\/v2\/posts\/50\/revisions"}],"wp:featuredmedia":[{"embeddable":true,"href":"https:\/\/obejrzyj-i-powiedz.pl\/index.php\/wp-json\/wp\/v2\/media\/51"}],"wp:attachment":[{"href":"https:\/\/obejrzyj-i-powiedz.pl\/index.php\/wp-json\/wp\/v2\/media?parent=50"}],"wp:term":[{"taxonomy":"category","embeddable":true,"href":"https:\/\/obejrzyj-i-powiedz.pl\/index.php\/wp-json\/wp\/v2\/categories?post=50"},{"taxonomy":"post_tag","embeddable":true,"href":"https:\/\/obejrzyj-i-powiedz.pl\/index.php\/wp-json\/wp\/v2\/tags?post=50"}],"curies":[{"name":"wp","href":"https:\/\/api.w.org\/{rel}","templated":true}]}}