{"id":7486,"date":"2024-08-08T07:35:28","date_gmt":"2024-08-08T07:35:28","guid":{"rendered":"https:\/\/obejrzyj-i-powiedz.pl\/index.php\/2024\/08\/08\/jak-pandemia-wplynela-na-przemysl-filmowy\/"},"modified":"2024-08-08T07:35:28","modified_gmt":"2024-08-08T07:35:28","slug":"jak-pandemia-wplynela-na-przemysl-filmowy","status":"publish","type":"post","link":"https:\/\/obejrzyj-i-powiedz.pl\/index.php\/2024\/08\/08\/jak-pandemia-wplynela-na-przemysl-filmowy\/","title":{"rendered":"Jak pandemia wp\u0142yn\u0119\u0142a na przemys\u0142 filmowy?"},"content":{"rendered":"<p>Pandemia COVID-19 wywar\u0142a ogromny wp\u0142yw na przemys\u0142 filmowy, zmieniaj\u0105c spos\u00f3b produkcji, dystrybucji i konsumpcji film\u00f3w na ca\u0142ym \u015bwiecie. W niniejszym artykule przyjrzymy si\u0119, jak te zmiany wp\u0142yn\u0119\u0142y na r\u00f3\u017cne aspekty bran\u017cy filmowej, od zamkni\u0119cia kin po rozw\u00f3j platform streamingowych.<\/p>\n<h2>Zmiany w produkcji filmowej<\/h2>\n<p>Pandemia COVID-19 spowodowa\u0142a, \u017ce wiele plan\u00f3w filmowych zosta\u0142o wstrzymanych lub ca\u0142kowicie odwo\u0142anych. Wprowadzenie rygorystycznych \u015brodk\u00f3w bezpiecze\u0144stwa, takich jak testy na obecno\u015b\u0107 wirusa, noszenie masek i zachowanie dystansu spo\u0142ecznego, sta\u0142o si\u0119 norm\u0105 na planach filmowych. Te \u015brodki bezpiecze\u0144stwa nie tylko zwi\u0119kszy\u0142y koszty produkcji, ale r\u00f3wnie\u017c wp\u0142yn\u0119\u0142y na harmonogramy zdj\u0119\u0107, co cz\u0119sto prowadzi\u0142o do op\u00f3\u017anie\u0144.<\/p>\n<h3>Nowe protoko\u0142y bezpiecze\u0144stwa<\/h3>\n<p>Wprowadzenie nowych protoko\u0142\u00f3w bezpiecze\u0144stwa by\u0142o niezb\u0119dne, aby zapewni\u0107 zdrowie i bezpiecze\u0144stwo wszystkich zaanga\u017cowanych w produkcj\u0119 filmow\u0105. Wiele wytw\u00f3rni filmowych opracowa\u0142o w\u0142asne wytyczne, kt\u00f3re obejmowa\u0142y regularne testy na COVID-19, ograniczenie liczby os\u00f3b na planie oraz stosowanie \u015brodk\u00f3w dezynfekuj\u0105cych. Te zmiany wp\u0142yn\u0119\u0142y na spos\u00f3b pracy ekip filmowych, zmuszaj\u0105c je do dostosowania si\u0119 do nowych reali\u00f3w.<\/p>\n<h3>Wp\u0142yw na harmonogramy produkcji<\/h3>\n<p>Op\u00f3\u017anienia w produkcji sta\u0142y si\u0119 powszechne, poniewa\u017c wiele plan\u00f3w filmowych musia\u0142o zosta\u0107 wstrzymanych z powodu pozytywnych wynik\u00f3w test\u00f3w na COVID-19 w\u015br\u00f3d cz\u0142onk\u00f3w ekipy. W niekt\u00f3rych przypadkach ca\u0142e produkcje by\u0142y przenoszone na p\u00f3\u017aniejsze terminy, co wp\u0142yn\u0119\u0142o na harmonogramy premier filmowych. W rezultacie wiele film\u00f3w, kt\u00f3re mia\u0142y trafi\u0107 do kin w 2020 roku, zosta\u0142o przesuni\u0119tych na 2021 rok lub p\u00f3\u017aniej.<\/p>\n<h2>Zmiany w dystrybucji film\u00f3w<\/h2>\n<p>Pandemia COVID-19 zmusi\u0142a przemys\u0142 filmowy do przemy\u015blenia tradycyjnych modeli dystrybucji. Zamkni\u0119cie kin na ca\u0142ym \u015bwiecie spowodowa\u0142o, \u017ce wytw\u00f3rnie filmowe musia\u0142y szuka\u0107 alternatywnych sposob\u00f3w na dotarcie do widz\u00f3w. W rezultacie platformy streamingowe zyska\u0142y na znaczeniu, a wiele film\u00f3w, kt\u00f3re pierwotnie mia\u0142y trafi\u0107 do kin, zosta\u0142o udost\u0119pnionych online.<\/p>\n<h3>Wzrost popularno\u015bci platform streamingowych<\/h3>\n<p>Platformy streamingowe, takie jak Netflix, Amazon Prime Video i Disney+, odnotowa\u0142y znacz\u0105cy wzrost liczby subskrybent\u00f3w w czasie pandemii. Wiele wytw\u00f3rni filmowych zdecydowa\u0142o si\u0119 na premier\u0119 swoich film\u00f3w bezpo\u015brednio na tych platformach, co pozwoli\u0142o im dotrze\u0107 do szerokiej publiczno\u015bci mimo zamkni\u0119cia kin. Przyk\u0142adem mo\u017ce by\u0107 film &#8222;Mulan&#8221; od Disney&#8217;a, kt\u00f3ry zamiast trafi\u0107 do kin, zosta\u0142 udost\u0119pniony na platformie Disney+ za dodatkow\u0105 op\u0142at\u0105.<\/p>\n<h3>Zmiany w modelach biznesowych<\/h3>\n<p>Pandemia zmusi\u0142a wytw\u00f3rnie filmowe do przemy\u015blenia swoich modeli biznesowych. Tradycyjny model dystrybucji, polegaj\u0105cy na premierach kinowych, zosta\u0142 zast\u0105piony przez model hybrydowy, w kt\u00f3rym filmy s\u0105 jednocze\u015bnie udost\u0119pniane w kinach i na platformach streamingowych. Przyk\u0142adem mo\u017ce by\u0107 film &#8222;Wonder Woman 1984&#8221;, kt\u00f3ry mia\u0142 premier\u0119 jednocze\u015bnie w kinach i na platformie HBO Max. Tego rodzaju podej\u015bcie pozwala wytw\u00f3rniom na minimalizowanie strat finansowych i dotarcie do szerszej publiczno\u015bci.<\/p>\n<h2>Wp\u0142yw na konsumpcj\u0119 film\u00f3w<\/h2>\n<p>Pandemia COVID-19 zmieni\u0142a r\u00f3wnie\u017c spos\u00f3b, w jaki widzowie konsumuj\u0105 filmy. Zamkni\u0119cie kin i ograniczenia zwi\u0105zane z pandemi\u0105 spowodowa\u0142y, \u017ce wiele os\u00f3b zacz\u0119\u0142o sp\u0119dza\u0107 wi\u0119cej czasu w domu, co z kolei wp\u0142yn\u0119\u0142o na wzrost popularno\u015bci domowych seans\u00f3w filmowych.<\/p>\n<h3>Zmiana nawyk\u00f3w widz\u00f3w<\/h3>\n<p>Wielu widz\u00f3w, kt\u00f3rzy wcze\u015bniej regularnie odwiedzali kina, zacz\u0119\u0142o korzysta\u0107 z platform streamingowych, aby ogl\u0105da\u0107 najnowsze premiery filmowe. W rezultacie zmieni\u0142y si\u0119 nawyki konsumpcyjne, a domowe seanse filmowe sta\u0142y si\u0119 now\u0105 norm\u0105. Wiele os\u00f3b zainwestowa\u0142o w lepszy sprz\u0119t do ogl\u0105dania film\u00f3w w domu, taki jak telewizory o wysokiej rozdzielczo\u015bci i systemy d\u017awi\u0119kowe, aby stworzy\u0107 sobie warunki zbli\u017cone do kinowych.<\/p>\n<h3>Wp\u0142yw na przysz\u0142o\u015b\u0107 kin<\/h3>\n<p>Chocia\u017c kina zaczynaj\u0105 si\u0119 powoli otwiera\u0107, nie jest jasne, czy widzowie wr\u00f3c\u0105 do nich w takiej samej liczbie jak przed pandemi\u0105. Wiele os\u00f3b przyzwyczai\u0142o si\u0119 do wygody ogl\u0105dania film\u00f3w w domu i mo\u017ce nie by\u0107 sk\u0142onnych do powrotu do kin. W rezultacie przysz\u0142o\u015b\u0107 kin stoi pod znakiem zapytania, a przemys\u0142 filmowy b\u0119dzie musia\u0142 dostosowa\u0107 si\u0119 do nowych reali\u00f3w.<\/p>\n<h2>Podsumowanie<\/h2>\n<p>Pandemia COVID-19 wywar\u0142a ogromny wp\u0142yw na przemys\u0142 filmowy, zmieniaj\u0105c spos\u00f3b produkcji, dystrybucji i konsumpcji film\u00f3w. Wprowadzenie nowych protoko\u0142\u00f3w bezpiecze\u0144stwa, op\u00f3\u017anienia w produkcji, wzrost popularno\u015bci platform streamingowych i zmiana nawyk\u00f3w widz\u00f3w to tylko niekt\u00f3re z wyzwa\u0144, z kt\u00f3rymi musia\u0142a si\u0119 zmierzy\u0107 bran\u017ca filmowa. Chocia\u017c przysz\u0142o\u015b\u0107 kin stoi pod znakiem zapytania, jedno jest pewne: przemys\u0142 filmowy b\u0119dzie musia\u0142 dostosowa\u0107 si\u0119 do nowych reali\u00f3w, aby przetrwa\u0107 i rozwija\u0107 si\u0119 w post-pandemicznej rzeczywisto\u015bci.<\/p>\n","protected":false},"excerpt":{"rendered":"<p>Pandemia COVID-19 wywar\u0142a ogromny wp\u0142yw na przemys\u0142 filmowy, zmieniaj\u0105c spos\u00f3b produkcji, dystrybucji i konsumpcji film\u00f3w na ca\u0142ym \u015bwiecie. W niniejszym artykule przyjrzymy si\u0119, jak te zmiany wp\u0142yn\u0119\u0142y na r\u00f3\u017cne aspekty&hellip;<\/p>\n","protected":false},"author":1,"featured_media":0,"comment_status":"closed","ping_status":"open","sticky":false,"template":"","format":"standard","meta":{"footnotes":""},"categories":[7],"tags":[],"class_list":["post-7486","post","type-post","status-publish","format-standard","hentry","category-kino"],"yoast_head":"<!-- This site is optimized with the Yoast SEO plugin v27.2 - https:\/\/yoast.com\/product\/yoast-seo-wordpress\/ -->\n<title>Jak pandemia wp\u0142yn\u0119\u0142a na przemys\u0142 filmowy? - Obejrzy i powiedz<\/title>\n<meta name=\"robots\" content=\"index, follow, max-snippet:-1, max-image-preview:large, max-video-preview:-1\" \/>\n<link rel=\"canonical\" href=\"https:\/\/obejrzyj-i-powiedz.pl\/index.php\/2024\/08\/08\/jak-pandemia-wplynela-na-przemysl-filmowy\/\" \/>\n<meta property=\"og:locale\" content=\"pl_PL\" \/>\n<meta property=\"og:type\" content=\"article\" \/>\n<meta property=\"og:title\" content=\"Jak pandemia wp\u0142yn\u0119\u0142a na przemys\u0142 filmowy? - Obejrzy i powiedz\" \/>\n<meta property=\"og:description\" content=\"Pandemia COVID-19 wywar\u0142a ogromny wp\u0142yw na przemys\u0142 filmowy, zmieniaj\u0105c spos\u00f3b produkcji, dystrybucji i konsumpcji film\u00f3w na ca\u0142ym \u015bwiecie. W niniejszym artykule przyjrzymy si\u0119, jak te zmiany wp\u0142yn\u0119\u0142y na r\u00f3\u017cne aspekty&hellip;\" \/>\n<meta property=\"og:url\" content=\"https:\/\/obejrzyj-i-powiedz.pl\/index.php\/2024\/08\/08\/jak-pandemia-wplynela-na-przemysl-filmowy\/\" \/>\n<meta property=\"og:site_name\" content=\"Obejrzy i powiedz\" \/>\n<meta property=\"article:published_time\" content=\"2024-08-08T07:35:28+00:00\" \/>\n<meta name=\"author\" content=\"admin\" \/>\n<meta name=\"twitter:card\" content=\"summary_large_image\" \/>\n<meta name=\"twitter:label1\" content=\"Napisane przez\" \/>\n\t<meta name=\"twitter:data1\" content=\"admin\" \/>\n\t<meta name=\"twitter:label2\" content=\"Szacowany czas czytania\" \/>\n\t<meta name=\"twitter:data2\" content=\"4 minuty\" \/>\n<script type=\"application\/ld+json\" class=\"yoast-schema-graph\">{\"@context\":\"https:\/\/schema.org\",\"@graph\":[{\"@type\":\"Article\",\"@id\":\"https:\/\/obejrzyj-i-powiedz.pl\/index.php\/2024\/08\/08\/jak-pandemia-wplynela-na-przemysl-filmowy\/#article\",\"isPartOf\":{\"@id\":\"https:\/\/obejrzyj-i-powiedz.pl\/index.php\/2024\/08\/08\/jak-pandemia-wplynela-na-przemysl-filmowy\/\"},\"author\":{\"name\":\"admin\",\"@id\":\"https:\/\/obejrzyj-i-powiedz.pl\/#\/schema\/person\/fd410d74d1f1a78da782b6c7870b8e14\"},\"headline\":\"Jak pandemia wp\u0142yn\u0119\u0142a na przemys\u0142 filmowy?\",\"datePublished\":\"2024-08-08T07:35:28+00:00\",\"mainEntityOfPage\":{\"@id\":\"https:\/\/obejrzyj-i-powiedz.pl\/index.php\/2024\/08\/08\/jak-pandemia-wplynela-na-przemysl-filmowy\/\"},\"wordCount\":823,\"articleSection\":[\"Kino\"],\"inLanguage\":\"pl-PL\"},{\"@type\":\"WebPage\",\"@id\":\"https:\/\/obejrzyj-i-powiedz.pl\/index.php\/2024\/08\/08\/jak-pandemia-wplynela-na-przemysl-filmowy\/\",\"url\":\"https:\/\/obejrzyj-i-powiedz.pl\/index.php\/2024\/08\/08\/jak-pandemia-wplynela-na-przemysl-filmowy\/\",\"name\":\"Jak pandemia wp\u0142yn\u0119\u0142a na przemys\u0142 filmowy? - Obejrzy i powiedz\",\"isPartOf\":{\"@id\":\"https:\/\/obejrzyj-i-powiedz.pl\/#website\"},\"datePublished\":\"2024-08-08T07:35:28+00:00\",\"author\":{\"@id\":\"https:\/\/obejrzyj-i-powiedz.pl\/#\/schema\/person\/fd410d74d1f1a78da782b6c7870b8e14\"},\"breadcrumb\":{\"@id\":\"https:\/\/obejrzyj-i-powiedz.pl\/index.php\/2024\/08\/08\/jak-pandemia-wplynela-na-przemysl-filmowy\/#breadcrumb\"},\"inLanguage\":\"pl-PL\",\"potentialAction\":[{\"@type\":\"ReadAction\",\"target\":[\"https:\/\/obejrzyj-i-powiedz.pl\/index.php\/2024\/08\/08\/jak-pandemia-wplynela-na-przemysl-filmowy\/\"]}]},{\"@type\":\"BreadcrumbList\",\"@id\":\"https:\/\/obejrzyj-i-powiedz.pl\/index.php\/2024\/08\/08\/jak-pandemia-wplynela-na-przemysl-filmowy\/#breadcrumb\",\"itemListElement\":[{\"@type\":\"ListItem\",\"position\":1,\"name\":\"Home\",\"item\":\"https:\/\/obejrzyj-i-powiedz.pl\/\"},{\"@type\":\"ListItem\",\"position\":2,\"name\":\"Jak pandemia wp\u0142yn\u0119\u0142a na przemys\u0142 filmowy?\"}]},{\"@type\":\"WebSite\",\"@id\":\"https:\/\/obejrzyj-i-powiedz.pl\/#website\",\"url\":\"https:\/\/obejrzyj-i-powiedz.pl\/\",\"name\":\"Obejrzy i powiedz\",\"description\":\"\",\"potentialAction\":[{\"@type\":\"SearchAction\",\"target\":{\"@type\":\"EntryPoint\",\"urlTemplate\":\"https:\/\/obejrzyj-i-powiedz.pl\/?s={search_term_string}\"},\"query-input\":{\"@type\":\"PropertyValueSpecification\",\"valueRequired\":true,\"valueName\":\"search_term_string\"}}],\"inLanguage\":\"pl-PL\"},{\"@type\":\"Person\",\"@id\":\"https:\/\/obejrzyj-i-powiedz.pl\/#\/schema\/person\/fd410d74d1f1a78da782b6c7870b8e14\",\"name\":\"admin\",\"image\":{\"@type\":\"ImageObject\",\"inLanguage\":\"pl-PL\",\"@id\":\"https:\/\/secure.gravatar.com\/avatar\/4e609b381659f1df9d3dea107e3c05fa9ad22a194ec1799dd9a433deddc1fe2c?s=96&d=mm&r=g\",\"url\":\"https:\/\/secure.gravatar.com\/avatar\/4e609b381659f1df9d3dea107e3c05fa9ad22a194ec1799dd9a433deddc1fe2c?s=96&d=mm&r=g\",\"contentUrl\":\"https:\/\/secure.gravatar.com\/avatar\/4e609b381659f1df9d3dea107e3c05fa9ad22a194ec1799dd9a433deddc1fe2c?s=96&d=mm&r=g\",\"caption\":\"admin\"},\"sameAs\":[\"https:\/\/obejrzyj-i-powiedz.pl\"],\"url\":\"https:\/\/obejrzyj-i-powiedz.pl\/index.php\/author\/admin\/\"}]}<\/script>\n<!-- \/ Yoast SEO plugin. -->","yoast_head_json":{"title":"Jak pandemia wp\u0142yn\u0119\u0142a na przemys\u0142 filmowy? - Obejrzy i powiedz","robots":{"index":"index","follow":"follow","max-snippet":"max-snippet:-1","max-image-preview":"max-image-preview:large","max-video-preview":"max-video-preview:-1"},"canonical":"https:\/\/obejrzyj-i-powiedz.pl\/index.php\/2024\/08\/08\/jak-pandemia-wplynela-na-przemysl-filmowy\/","og_locale":"pl_PL","og_type":"article","og_title":"Jak pandemia wp\u0142yn\u0119\u0142a na przemys\u0142 filmowy? - Obejrzy i powiedz","og_description":"Pandemia COVID-19 wywar\u0142a ogromny wp\u0142yw na przemys\u0142 filmowy, zmieniaj\u0105c spos\u00f3b produkcji, dystrybucji i konsumpcji film\u00f3w na ca\u0142ym \u015bwiecie. W niniejszym artykule przyjrzymy si\u0119, jak te zmiany wp\u0142yn\u0119\u0142y na r\u00f3\u017cne aspekty&hellip;","og_url":"https:\/\/obejrzyj-i-powiedz.pl\/index.php\/2024\/08\/08\/jak-pandemia-wplynela-na-przemysl-filmowy\/","og_site_name":"Obejrzy i powiedz","article_published_time":"2024-08-08T07:35:28+00:00","author":"admin","twitter_card":"summary_large_image","twitter_misc":{"Napisane przez":"admin","Szacowany czas czytania":"4 minuty"},"schema":{"@context":"https:\/\/schema.org","@graph":[{"@type":"Article","@id":"https:\/\/obejrzyj-i-powiedz.pl\/index.php\/2024\/08\/08\/jak-pandemia-wplynela-na-przemysl-filmowy\/#article","isPartOf":{"@id":"https:\/\/obejrzyj-i-powiedz.pl\/index.php\/2024\/08\/08\/jak-pandemia-wplynela-na-przemysl-filmowy\/"},"author":{"name":"admin","@id":"https:\/\/obejrzyj-i-powiedz.pl\/#\/schema\/person\/fd410d74d1f1a78da782b6c7870b8e14"},"headline":"Jak pandemia wp\u0142yn\u0119\u0142a na przemys\u0142 filmowy?","datePublished":"2024-08-08T07:35:28+00:00","mainEntityOfPage":{"@id":"https:\/\/obejrzyj-i-powiedz.pl\/index.php\/2024\/08\/08\/jak-pandemia-wplynela-na-przemysl-filmowy\/"},"wordCount":823,"articleSection":["Kino"],"inLanguage":"pl-PL"},{"@type":"WebPage","@id":"https:\/\/obejrzyj-i-powiedz.pl\/index.php\/2024\/08\/08\/jak-pandemia-wplynela-na-przemysl-filmowy\/","url":"https:\/\/obejrzyj-i-powiedz.pl\/index.php\/2024\/08\/08\/jak-pandemia-wplynela-na-przemysl-filmowy\/","name":"Jak pandemia wp\u0142yn\u0119\u0142a na przemys\u0142 filmowy? - Obejrzy i powiedz","isPartOf":{"@id":"https:\/\/obejrzyj-i-powiedz.pl\/#website"},"datePublished":"2024-08-08T07:35:28+00:00","author":{"@id":"https:\/\/obejrzyj-i-powiedz.pl\/#\/schema\/person\/fd410d74d1f1a78da782b6c7870b8e14"},"breadcrumb":{"@id":"https:\/\/obejrzyj-i-powiedz.pl\/index.php\/2024\/08\/08\/jak-pandemia-wplynela-na-przemysl-filmowy\/#breadcrumb"},"inLanguage":"pl-PL","potentialAction":[{"@type":"ReadAction","target":["https:\/\/obejrzyj-i-powiedz.pl\/index.php\/2024\/08\/08\/jak-pandemia-wplynela-na-przemysl-filmowy\/"]}]},{"@type":"BreadcrumbList","@id":"https:\/\/obejrzyj-i-powiedz.pl\/index.php\/2024\/08\/08\/jak-pandemia-wplynela-na-przemysl-filmowy\/#breadcrumb","itemListElement":[{"@type":"ListItem","position":1,"name":"Home","item":"https:\/\/obejrzyj-i-powiedz.pl\/"},{"@type":"ListItem","position":2,"name":"Jak pandemia wp\u0142yn\u0119\u0142a na przemys\u0142 filmowy?"}]},{"@type":"WebSite","@id":"https:\/\/obejrzyj-i-powiedz.pl\/#website","url":"https:\/\/obejrzyj-i-powiedz.pl\/","name":"Obejrzy i powiedz","description":"","potentialAction":[{"@type":"SearchAction","target":{"@type":"EntryPoint","urlTemplate":"https:\/\/obejrzyj-i-powiedz.pl\/?s={search_term_string}"},"query-input":{"@type":"PropertyValueSpecification","valueRequired":true,"valueName":"search_term_string"}}],"inLanguage":"pl-PL"},{"@type":"Person","@id":"https:\/\/obejrzyj-i-powiedz.pl\/#\/schema\/person\/fd410d74d1f1a78da782b6c7870b8e14","name":"admin","image":{"@type":"ImageObject","inLanguage":"pl-PL","@id":"https:\/\/secure.gravatar.com\/avatar\/4e609b381659f1df9d3dea107e3c05fa9ad22a194ec1799dd9a433deddc1fe2c?s=96&d=mm&r=g","url":"https:\/\/secure.gravatar.com\/avatar\/4e609b381659f1df9d3dea107e3c05fa9ad22a194ec1799dd9a433deddc1fe2c?s=96&d=mm&r=g","contentUrl":"https:\/\/secure.gravatar.com\/avatar\/4e609b381659f1df9d3dea107e3c05fa9ad22a194ec1799dd9a433deddc1fe2c?s=96&d=mm&r=g","caption":"admin"},"sameAs":["https:\/\/obejrzyj-i-powiedz.pl"],"url":"https:\/\/obejrzyj-i-powiedz.pl\/index.php\/author\/admin\/"}]}},"_links":{"self":[{"href":"https:\/\/obejrzyj-i-powiedz.pl\/index.php\/wp-json\/wp\/v2\/posts\/7486","targetHints":{"allow":["GET"]}}],"collection":[{"href":"https:\/\/obejrzyj-i-powiedz.pl\/index.php\/wp-json\/wp\/v2\/posts"}],"about":[{"href":"https:\/\/obejrzyj-i-powiedz.pl\/index.php\/wp-json\/wp\/v2\/types\/post"}],"author":[{"embeddable":true,"href":"https:\/\/obejrzyj-i-powiedz.pl\/index.php\/wp-json\/wp\/v2\/users\/1"}],"replies":[{"embeddable":true,"href":"https:\/\/obejrzyj-i-powiedz.pl\/index.php\/wp-json\/wp\/v2\/comments?post=7486"}],"version-history":[{"count":0,"href":"https:\/\/obejrzyj-i-powiedz.pl\/index.php\/wp-json\/wp\/v2\/posts\/7486\/revisions"}],"wp:attachment":[{"href":"https:\/\/obejrzyj-i-powiedz.pl\/index.php\/wp-json\/wp\/v2\/media?parent=7486"}],"wp:term":[{"taxonomy":"category","embeddable":true,"href":"https:\/\/obejrzyj-i-powiedz.pl\/index.php\/wp-json\/wp\/v2\/categories?post=7486"},{"taxonomy":"post_tag","embeddable":true,"href":"https:\/\/obejrzyj-i-powiedz.pl\/index.php\/wp-json\/wp\/v2\/tags?post=7486"}],"curies":[{"name":"wp","href":"https:\/\/api.w.org\/{rel}","templated":true}]}}