{"id":7930,"date":"2025-11-11T09:15:25","date_gmt":"2025-11-11T09:15:25","guid":{"rendered":"https:\/\/obejrzyj-i-powiedz.pl\/index.php\/2025\/11\/11\/jak-rozwija-sie-kino-niezalezne-w-polsce\/"},"modified":"2025-11-11T09:15:25","modified_gmt":"2025-11-11T09:15:25","slug":"jak-rozwija-sie-kino-niezalezne-w-polsce","status":"publish","type":"post","link":"https:\/\/obejrzyj-i-powiedz.pl\/index.php\/2025\/11\/11\/jak-rozwija-sie-kino-niezalezne-w-polsce\/","title":{"rendered":"Jak rozwija si\u0119 kino niezale\u017cne w Polsce"},"content":{"rendered":"<p>Kino niezale\u017cne w Polsce staje si\u0119 coraz bardziej rozpoznawalne, a jego rozw\u00f3j wp\u0142ywa na kszta\u0142t ca\u0142ej <strong>kinematografii<\/strong>. W ostatnich latach obserwujemy wzrost liczby autorskich projekt\u00f3w oraz nowych inicjatyw festiwalowych, kt\u00f3re umo\u017cliwiaj\u0105 tw\u00f3rcom realizacj\u0119 niekomercyjnych wizji. Niniejszy artyku\u0142 prezentuje g\u0142\u00f3wne etapy rozwoju tego nurtu, przybli\u017ca najwa\u017cniejsze postaci i wydarzenia oraz bada tematy i wyzwania, przed kt\u00f3rymi stoi <strong>film<\/strong> niezale\u017cny w Polsce.<\/p>\n<h2><u>Pocz\u0105tki i ewolucja niezale\u017cnej kinematografii<\/u><\/h2>\n<p>Korzenie polskiego kina niezale\u017cnego si\u0119gaj\u0105 lat 60. i 70., kiedy to tw\u00f3rcy zacz\u0119li poszukiwa\u0107 alternatywy wobec odg\u00f3rnie nadzorowanego przemys\u0142u filmowego. W tamtym okresie pojawi\u0142y si\u0119 pierwsze niezale\u017cne grupy eksperymentalne, si\u0119gaj\u0105ce po szerok\u0105 palet\u0119 \u015brodk\u00f3w wyrazu \u2013 od animacji poklatkowej po kr\u00f3tkie formy dokumentalne. Kluczowe cechy tego wczesnego etapu to:<\/p>\n<ul>\n<li><strong>autorstwo<\/strong> \u2013 odwaga podejmowania temat\u00f3w tabu, osobisty styl<\/li>\n<li>minimalny bud\u017cet \u2013 realizacje w domowych warunkach, kameralne ekipy<\/li>\n<li>eksperymentalne formy \u2013 \u0142\u0105czenie technik analogowych z wideo<\/li>\n<\/ul>\n<p>Z biegiem lat, zw\u0142aszcza w dekadzie transformacji ustrojowej, producenci niezale\u017cni zdobyli wi\u0119kszy dost\u0119p do finansowania prywatnego i zagranicznych grant\u00f3w. W latach 90. powsta\u0142y pierwsze fundusze wspieraj\u0105ce m\u0142odych re\u017cyser\u00f3w, a szko\u0142y filmowe zacz\u0119\u0142y k\u0142a\u015b\u0107 nacisk na rozw\u00f3j indywidualnych projekt\u00f3w artystycznych. To w\u0142a\u015bnie wtedy zarysowa\u0142a si\u0119 wyra\u017aniej scena, kt\u00f3r\u0105 mo\u017cemy nazwa\u0107 polskim kinem niezale\u017cnym w bra\u00adku restrykcyjnych <strong>barier<\/strong> ideologicznych.<\/p>\n<h2><u>Kluczowe postaci, instytucje i festiwale<\/u><\/h2>\n<p>Na sukces nurtu z\u0142o\u017cy\u0142y si\u0119 wysi\u0142ki wielu re\u017cyser\u00f3w, producent\u00f3w i animator\u00f3w kultury. Do postaci, kt\u00f3re zyska\u0142y mi\u0119dzynarodowe uznanie, zaliczy\u0107 mo\u017cna m.in. Jerzego Skolimowskiego, Agnieszk\u0119 Holland, Paw\u0142a Pawlikowskiego czy Krzysztofa Kie\u015blowskiego. Cho\u0107 cz\u0119\u015b\u0107 z nich wesz\u0142a do g\u0142\u00f3wnego nurtu, ich pocz\u0105tkowa droga by\u0142a silnie zwi\u0105zana z niezale\u017cno\u015bci\u0105 i eksperymentami.<\/p>\n<h3>Instytucje wspieraj\u0105ce rozw\u00f3j<\/h3>\n<ul>\n<li><strong>Polski Instytut Sztuki Filmowej<\/strong> \u2013 granty i programy edukacyjne<\/li>\n<li>Fina \u2013 sie\u0107 lokalnych funduszy dedykowanych m\u0142odym tw\u00f3rcom<\/li>\n<li>Szko\u0142y filmowe (\u0141\u00f3d\u017a, Warszawa, Wroc\u0142aw) \u2013 laboratoria filmowe i warsztaty<\/li>\n<\/ul>\n<h3>Najwa\u017cniejsze festiwale<\/h3>\n<ul>\n<li><strong>OFF Camera<\/strong> w Krakowie \u2013 mi\u0119dzynarodowe spotkania z kinem eksperymentalnym<\/li>\n<li>Kamera Akcja \u2013 przegl\u0105dy film\u00f3w dokumentalnych realizowanych niskobud\u017cetowo<\/li>\n<li><strong>Transatlantyk<\/strong> \u2013 festiwal \u0142\u0105cz\u0105cy kino niezale\u017cne z multimediami i muzyk\u0105<\/li>\n<\/ul>\n<p>Festiwale te odgrywaj\u0105 kluczow\u0105 rol\u0119 w promocji niekomercyjnych produkcji, umo\u017cliwiaj\u0105 spotkania z dystrybutorami oraz wp\u0142ywaj\u0105 na kszta\u0142t debaty o kondycji kina w Polsce.<\/p>\n<h2><u>Tematyka i stylistyka film\u00f3w niezale\u017cnych<\/u><\/h2>\n<p>Polskie kino niezale\u017cne od lat eksploruje szeroki wachlarz temat\u00f3w, cz\u0119sto podejmuj\u0105c kwestie pomijane przez du\u017ce produkcje. W\u015br\u00f3d najcz\u0119\u015bciej pojawiaj\u0105cych si\u0119 motyw\u00f3w mo\u017cna wymieni\u0107:<\/p>\n<ul>\n<li><strong>problemy spo\u0142eczne<\/strong> \u2013 bezrobocie, wykluczenie, migracje zarobkowe<\/li>\n<li>to\u017csamo\u015b\u0107 narodowa i pami\u0119\u0107 historyczna<\/li>\n<li>\u017cycie codzienne na prowincji<\/li>\n<li>ekspresje psychodeliczne i surrealistyczne<\/li>\n<li>status artysty w epoce cyfrowej<\/li>\n<\/ul>\n<p>Stylistycznie dominuje minimalizm, cz\u0119sto zestawiany z odwa\u017cnymi eksperymentami d\u017awi\u0119kowymi i wizualnymi. Coraz cz\u0119\u015bciej re\u017cyserzy korzystaj\u0105 z kamer cyfrowych o niskim bud\u017cecie, co sprzyja swobodzie pracy i skr\u00f3ceniu czasu przygotowa\u0144. W filmach niezale\u017cnych widoczna jest dba\u0142o\u015b\u0107 o autentyczno\u015b\u0107 \u2013 scenerie wybierane s\u0105 cz\u0119sto w realnych lokalizacjach, a aktorstwo opiera si\u0119 na nieteatranych wyrazach i improwizacji.<\/p>\n<h2><u>Dystrybucja, publiczno\u015b\u0107 i wyzwania<\/u><\/h2>\n<p>Dla tw\u00f3rc\u00f3w kina niezale\u017cnego kluczow\u0105 kwesti\u0105 jest znalezienie odpowiednich kana\u0142\u00f3w dystrybucji. Tradycyjne kina cz\u0119sto niech\u0119tnie podejmuj\u0105 si\u0119 emisji ma\u0142o znanych tytu\u0142\u00f3w, dlatego coraz wi\u0119ksz\u0105 rol\u0119 odgrywaj\u0105 platformy streamingowe i kina studyjne.<\/p>\n<h3>Nowe kana\u0142y dystrybucji<\/h3>\n<ul>\n<li>Platformy VOD specjalizuj\u0105ce si\u0119 w filmie <strong>artystycznym<\/strong> i eksperymentalnym<\/li>\n<li>Cykle pokazy w ramach klub\u00f3w filmowych<\/li>\n<li>Projekcje plenerowe i alternatywne \u2013 muzea, kluby, przestrzenie kulturalne<\/li>\n<\/ul>\n<p>Ci\u0105g\u0142ym wyzwaniem pozostaje pozyskanie \u015brodk\u00f3w na produkcj\u0119 oraz promocj\u0119. Mimo wsparcia instytucjonalnego, cz\u0119\u015b\u0107 bud\u017cetu cz\u0119sto pokrywaj\u0105 sami tw\u00f3rcy, anga\u017cuj\u0105c spo\u0142eczno\u015bci lokalne i realizuj\u0105c kampanie crowdfundingowe. Istotn\u0105 rol\u0119 odgrywa te\u017c budowanie relacji z <strong>publiczno\u015bci\u0105<\/strong>, kt\u00f3ra coraz ch\u0119tniej si\u0119ga po festiwalowe premiery i projekcje poza g\u0142\u00f3wnym nurtem.<\/p>\n<h2><u>Perspektywy rozwoju niezale\u017cnego kina<\/u><\/h2>\n<p>Przysz\u0142o\u015b\u0107 polskiego kina niezale\u017cnego wydaje si\u0119 obiecuj\u0105ca. Wzrost zainteresowania tematami spo\u0142ecznymi i poszukiwanie oryginalnego j\u0119zyka filmowego sprzyjaj\u0105 innowacjom. Coraz wi\u0119cej m\u0142odych filmowc\u00f3w korzysta z nowoczesnych technologii, takich jak <strong>VR<\/strong> czy interaktywne narracje. Wsp\u00f3\u0142praca mi\u0119dzynarodowa, uczestnictwo w programach rezydencyjnych i dost\u0119p do zagranicznych grant\u00f3w otwieraj\u0105 nowe mo\u017cliwo\u015bci.<\/p>\n<ul>\n<li>Rozw\u00f3j form hybrydowych \u2013 \u0142\u0105czenie filmu z instalacj\u0105 multimedialn\u0105<\/li>\n<li>Wzrost znaczenia kina mobilnego \u2013 mikroprodukcje realizowane na smartfonach<\/li>\n<li>Aktywizm filmowy \u2013 produkcje anga\u017cuj\u0105ce spo\u0142eczno\u015bci lokalne i organizacje pozarz\u0105dowe<\/li>\n<\/ul>\n<p>Warto obserwowa\u0107, jak polskie kino niezale\u017cne b\u0119dzie si\u0119 rozwija\u0107, kreuj\u0105c nowe \u015bcie\u017cki artystyczne i spo\u0142eczno-kulturowe. Dzi\u0119ki zaanga\u017cowaniu tw\u00f3rc\u00f3w, instytucji i publiczno\u015bci, ten nurt ma szans\u0119 sta\u0107 si\u0119 integraln\u0105 cz\u0119\u015bci\u0105 europejskiej <strong>sceny<\/strong> filmowej.<\/p>\n","protected":false},"excerpt":{"rendered":"<p>Kino niezale\u017cne w Polsce staje si\u0119 coraz bardziej rozpoznawalne, a jego rozw\u00f3j wp\u0142ywa na kszta\u0142t ca\u0142ej kinematografii. W ostatnich latach obserwujemy wzrost liczby autorskich projekt\u00f3w oraz nowych inicjatyw festiwalowych, kt\u00f3re&hellip;<\/p>\n","protected":false},"author":1,"featured_media":7929,"comment_status":"closed","ping_status":"closed","sticky":false,"template":"","format":"standard","meta":{"footnotes":""},"categories":[7],"tags":[1026,1025,1024,1027,231,1028],"class_list":["post-7930","post","type-post","status-publish","format-standard","has-post-thumbnail","hentry","category-kino","tag-etapy-rozwoju","tag-festiwale","tag-kino-niezalezne","tag-postaci","tag-tworcy","tag-wydarzenia"],"yoast_head":"<!-- This site is optimized with the Yoast SEO plugin v27.2 - https:\/\/yoast.com\/product\/yoast-seo-wordpress\/ -->\n<title>Jak rozwija si\u0119 kino niezale\u017cne w Polsce - Obejrzy i powiedz<\/title>\n<meta name=\"robots\" content=\"index, follow, max-snippet:-1, max-image-preview:large, max-video-preview:-1\" \/>\n<link rel=\"canonical\" href=\"https:\/\/obejrzyj-i-powiedz.pl\/index.php\/2025\/11\/11\/jak-rozwija-sie-kino-niezalezne-w-polsce\/\" \/>\n<meta property=\"og:locale\" content=\"pl_PL\" \/>\n<meta property=\"og:type\" content=\"article\" \/>\n<meta property=\"og:title\" content=\"Jak rozwija si\u0119 kino niezale\u017cne w Polsce - Obejrzy i powiedz\" \/>\n<meta property=\"og:description\" content=\"Kino niezale\u017cne w Polsce staje si\u0119 coraz bardziej rozpoznawalne, a jego rozw\u00f3j wp\u0142ywa na kszta\u0142t ca\u0142ej kinematografii. W ostatnich latach obserwujemy wzrost liczby autorskich projekt\u00f3w oraz nowych inicjatyw festiwalowych, kt\u00f3re&hellip;\" \/>\n<meta property=\"og:url\" content=\"https:\/\/obejrzyj-i-powiedz.pl\/index.php\/2025\/11\/11\/jak-rozwija-sie-kino-niezalezne-w-polsce\/\" \/>\n<meta property=\"og:site_name\" content=\"Obejrzy i powiedz\" \/>\n<meta property=\"article:published_time\" content=\"2025-11-11T09:15:25+00:00\" \/>\n<meta name=\"author\" content=\"admin\" \/>\n<meta name=\"twitter:card\" content=\"summary_large_image\" \/>\n<meta name=\"twitter:label1\" content=\"Napisane przez\" \/>\n\t<meta name=\"twitter:data1\" content=\"admin\" \/>\n\t<meta name=\"twitter:label2\" content=\"Szacowany czas czytania\" \/>\n\t<meta name=\"twitter:data2\" content=\"4 minuty\" \/>\n<script type=\"application\/ld+json\" class=\"yoast-schema-graph\">{\"@context\":\"https:\/\/schema.org\",\"@graph\":[{\"@type\":\"Article\",\"@id\":\"https:\/\/obejrzyj-i-powiedz.pl\/index.php\/2025\/11\/11\/jak-rozwija-sie-kino-niezalezne-w-polsce\/#article\",\"isPartOf\":{\"@id\":\"https:\/\/obejrzyj-i-powiedz.pl\/index.php\/2025\/11\/11\/jak-rozwija-sie-kino-niezalezne-w-polsce\/\"},\"author\":{\"name\":\"admin\",\"@id\":\"https:\/\/obejrzyj-i-powiedz.pl\/#\/schema\/person\/fd410d74d1f1a78da782b6c7870b8e14\"},\"headline\":\"Jak rozwija si\u0119 kino niezale\u017cne w Polsce\",\"datePublished\":\"2025-11-11T09:15:25+00:00\",\"mainEntityOfPage\":{\"@id\":\"https:\/\/obejrzyj-i-powiedz.pl\/index.php\/2025\/11\/11\/jak-rozwija-sie-kino-niezalezne-w-polsce\/\"},\"wordCount\":822,\"image\":{\"@id\":\"https:\/\/obejrzyj-i-powiedz.pl\/index.php\/2025\/11\/11\/jak-rozwija-sie-kino-niezalezne-w-polsce\/#primaryimage\"},\"thumbnailUrl\":\"https:\/\/obejrzyj-i-powiedz.pl\/wp-content\/uploads\/2025\/11\/output1-10.png\",\"keywords\":[\"etapy rozwoju\",\"festiwale\",\"Kino niezale\u017cne\",\"postaci\",\"tw\u00f3rcy\",\"wydarzenia\"],\"articleSection\":[\"Kino\"],\"inLanguage\":\"pl-PL\"},{\"@type\":\"WebPage\",\"@id\":\"https:\/\/obejrzyj-i-powiedz.pl\/index.php\/2025\/11\/11\/jak-rozwija-sie-kino-niezalezne-w-polsce\/\",\"url\":\"https:\/\/obejrzyj-i-powiedz.pl\/index.php\/2025\/11\/11\/jak-rozwija-sie-kino-niezalezne-w-polsce\/\",\"name\":\"Jak rozwija si\u0119 kino niezale\u017cne w Polsce - Obejrzy i powiedz\",\"isPartOf\":{\"@id\":\"https:\/\/obejrzyj-i-powiedz.pl\/#website\"},\"primaryImageOfPage\":{\"@id\":\"https:\/\/obejrzyj-i-powiedz.pl\/index.php\/2025\/11\/11\/jak-rozwija-sie-kino-niezalezne-w-polsce\/#primaryimage\"},\"image\":{\"@id\":\"https:\/\/obejrzyj-i-powiedz.pl\/index.php\/2025\/11\/11\/jak-rozwija-sie-kino-niezalezne-w-polsce\/#primaryimage\"},\"thumbnailUrl\":\"https:\/\/obejrzyj-i-powiedz.pl\/wp-content\/uploads\/2025\/11\/output1-10.png\",\"datePublished\":\"2025-11-11T09:15:25+00:00\",\"author\":{\"@id\":\"https:\/\/obejrzyj-i-powiedz.pl\/#\/schema\/person\/fd410d74d1f1a78da782b6c7870b8e14\"},\"breadcrumb\":{\"@id\":\"https:\/\/obejrzyj-i-powiedz.pl\/index.php\/2025\/11\/11\/jak-rozwija-sie-kino-niezalezne-w-polsce\/#breadcrumb\"},\"inLanguage\":\"pl-PL\",\"potentialAction\":[{\"@type\":\"ReadAction\",\"target\":[\"https:\/\/obejrzyj-i-powiedz.pl\/index.php\/2025\/11\/11\/jak-rozwija-sie-kino-niezalezne-w-polsce\/\"]}]},{\"@type\":\"ImageObject\",\"inLanguage\":\"pl-PL\",\"@id\":\"https:\/\/obejrzyj-i-powiedz.pl\/index.php\/2025\/11\/11\/jak-rozwija-sie-kino-niezalezne-w-polsce\/#primaryimage\",\"url\":\"https:\/\/obejrzyj-i-powiedz.pl\/wp-content\/uploads\/2025\/11\/output1-10.png\",\"contentUrl\":\"https:\/\/obejrzyj-i-powiedz.pl\/wp-content\/uploads\/2025\/11\/output1-10.png\",\"width\":1024,\"height\":1024},{\"@type\":\"BreadcrumbList\",\"@id\":\"https:\/\/obejrzyj-i-powiedz.pl\/index.php\/2025\/11\/11\/jak-rozwija-sie-kino-niezalezne-w-polsce\/#breadcrumb\",\"itemListElement\":[{\"@type\":\"ListItem\",\"position\":1,\"name\":\"Home\",\"item\":\"https:\/\/obejrzyj-i-powiedz.pl\/\"},{\"@type\":\"ListItem\",\"position\":2,\"name\":\"Jak rozwija si\u0119 kino niezale\u017cne w Polsce\"}]},{\"@type\":\"WebSite\",\"@id\":\"https:\/\/obejrzyj-i-powiedz.pl\/#website\",\"url\":\"https:\/\/obejrzyj-i-powiedz.pl\/\",\"name\":\"Obejrzy i powiedz\",\"description\":\"\",\"potentialAction\":[{\"@type\":\"SearchAction\",\"target\":{\"@type\":\"EntryPoint\",\"urlTemplate\":\"https:\/\/obejrzyj-i-powiedz.pl\/?s={search_term_string}\"},\"query-input\":{\"@type\":\"PropertyValueSpecification\",\"valueRequired\":true,\"valueName\":\"search_term_string\"}}],\"inLanguage\":\"pl-PL\"},{\"@type\":\"Person\",\"@id\":\"https:\/\/obejrzyj-i-powiedz.pl\/#\/schema\/person\/fd410d74d1f1a78da782b6c7870b8e14\",\"name\":\"admin\",\"image\":{\"@type\":\"ImageObject\",\"inLanguage\":\"pl-PL\",\"@id\":\"https:\/\/secure.gravatar.com\/avatar\/4e609b381659f1df9d3dea107e3c05fa9ad22a194ec1799dd9a433deddc1fe2c?s=96&d=mm&r=g\",\"url\":\"https:\/\/secure.gravatar.com\/avatar\/4e609b381659f1df9d3dea107e3c05fa9ad22a194ec1799dd9a433deddc1fe2c?s=96&d=mm&r=g\",\"contentUrl\":\"https:\/\/secure.gravatar.com\/avatar\/4e609b381659f1df9d3dea107e3c05fa9ad22a194ec1799dd9a433deddc1fe2c?s=96&d=mm&r=g\",\"caption\":\"admin\"},\"sameAs\":[\"https:\/\/obejrzyj-i-powiedz.pl\"],\"url\":\"https:\/\/obejrzyj-i-powiedz.pl\/index.php\/author\/admin\/\"}]}<\/script>\n<!-- \/ Yoast SEO plugin. -->","yoast_head_json":{"title":"Jak rozwija si\u0119 kino niezale\u017cne w Polsce - Obejrzy i powiedz","robots":{"index":"index","follow":"follow","max-snippet":"max-snippet:-1","max-image-preview":"max-image-preview:large","max-video-preview":"max-video-preview:-1"},"canonical":"https:\/\/obejrzyj-i-powiedz.pl\/index.php\/2025\/11\/11\/jak-rozwija-sie-kino-niezalezne-w-polsce\/","og_locale":"pl_PL","og_type":"article","og_title":"Jak rozwija si\u0119 kino niezale\u017cne w Polsce - Obejrzy i powiedz","og_description":"Kino niezale\u017cne w Polsce staje si\u0119 coraz bardziej rozpoznawalne, a jego rozw\u00f3j wp\u0142ywa na kszta\u0142t ca\u0142ej kinematografii. W ostatnich latach obserwujemy wzrost liczby autorskich projekt\u00f3w oraz nowych inicjatyw festiwalowych, kt\u00f3re&hellip;","og_url":"https:\/\/obejrzyj-i-powiedz.pl\/index.php\/2025\/11\/11\/jak-rozwija-sie-kino-niezalezne-w-polsce\/","og_site_name":"Obejrzy i powiedz","article_published_time":"2025-11-11T09:15:25+00:00","author":"admin","twitter_card":"summary_large_image","twitter_misc":{"Napisane przez":"admin","Szacowany czas czytania":"4 minuty"},"schema":{"@context":"https:\/\/schema.org","@graph":[{"@type":"Article","@id":"https:\/\/obejrzyj-i-powiedz.pl\/index.php\/2025\/11\/11\/jak-rozwija-sie-kino-niezalezne-w-polsce\/#article","isPartOf":{"@id":"https:\/\/obejrzyj-i-powiedz.pl\/index.php\/2025\/11\/11\/jak-rozwija-sie-kino-niezalezne-w-polsce\/"},"author":{"name":"admin","@id":"https:\/\/obejrzyj-i-powiedz.pl\/#\/schema\/person\/fd410d74d1f1a78da782b6c7870b8e14"},"headline":"Jak rozwija si\u0119 kino niezale\u017cne w Polsce","datePublished":"2025-11-11T09:15:25+00:00","mainEntityOfPage":{"@id":"https:\/\/obejrzyj-i-powiedz.pl\/index.php\/2025\/11\/11\/jak-rozwija-sie-kino-niezalezne-w-polsce\/"},"wordCount":822,"image":{"@id":"https:\/\/obejrzyj-i-powiedz.pl\/index.php\/2025\/11\/11\/jak-rozwija-sie-kino-niezalezne-w-polsce\/#primaryimage"},"thumbnailUrl":"https:\/\/obejrzyj-i-powiedz.pl\/wp-content\/uploads\/2025\/11\/output1-10.png","keywords":["etapy rozwoju","festiwale","Kino niezale\u017cne","postaci","tw\u00f3rcy","wydarzenia"],"articleSection":["Kino"],"inLanguage":"pl-PL"},{"@type":"WebPage","@id":"https:\/\/obejrzyj-i-powiedz.pl\/index.php\/2025\/11\/11\/jak-rozwija-sie-kino-niezalezne-w-polsce\/","url":"https:\/\/obejrzyj-i-powiedz.pl\/index.php\/2025\/11\/11\/jak-rozwija-sie-kino-niezalezne-w-polsce\/","name":"Jak rozwija si\u0119 kino niezale\u017cne w Polsce - Obejrzy i powiedz","isPartOf":{"@id":"https:\/\/obejrzyj-i-powiedz.pl\/#website"},"primaryImageOfPage":{"@id":"https:\/\/obejrzyj-i-powiedz.pl\/index.php\/2025\/11\/11\/jak-rozwija-sie-kino-niezalezne-w-polsce\/#primaryimage"},"image":{"@id":"https:\/\/obejrzyj-i-powiedz.pl\/index.php\/2025\/11\/11\/jak-rozwija-sie-kino-niezalezne-w-polsce\/#primaryimage"},"thumbnailUrl":"https:\/\/obejrzyj-i-powiedz.pl\/wp-content\/uploads\/2025\/11\/output1-10.png","datePublished":"2025-11-11T09:15:25+00:00","author":{"@id":"https:\/\/obejrzyj-i-powiedz.pl\/#\/schema\/person\/fd410d74d1f1a78da782b6c7870b8e14"},"breadcrumb":{"@id":"https:\/\/obejrzyj-i-powiedz.pl\/index.php\/2025\/11\/11\/jak-rozwija-sie-kino-niezalezne-w-polsce\/#breadcrumb"},"inLanguage":"pl-PL","potentialAction":[{"@type":"ReadAction","target":["https:\/\/obejrzyj-i-powiedz.pl\/index.php\/2025\/11\/11\/jak-rozwija-sie-kino-niezalezne-w-polsce\/"]}]},{"@type":"ImageObject","inLanguage":"pl-PL","@id":"https:\/\/obejrzyj-i-powiedz.pl\/index.php\/2025\/11\/11\/jak-rozwija-sie-kino-niezalezne-w-polsce\/#primaryimage","url":"https:\/\/obejrzyj-i-powiedz.pl\/wp-content\/uploads\/2025\/11\/output1-10.png","contentUrl":"https:\/\/obejrzyj-i-powiedz.pl\/wp-content\/uploads\/2025\/11\/output1-10.png","width":1024,"height":1024},{"@type":"BreadcrumbList","@id":"https:\/\/obejrzyj-i-powiedz.pl\/index.php\/2025\/11\/11\/jak-rozwija-sie-kino-niezalezne-w-polsce\/#breadcrumb","itemListElement":[{"@type":"ListItem","position":1,"name":"Home","item":"https:\/\/obejrzyj-i-powiedz.pl\/"},{"@type":"ListItem","position":2,"name":"Jak rozwija si\u0119 kino niezale\u017cne w Polsce"}]},{"@type":"WebSite","@id":"https:\/\/obejrzyj-i-powiedz.pl\/#website","url":"https:\/\/obejrzyj-i-powiedz.pl\/","name":"Obejrzy i powiedz","description":"","potentialAction":[{"@type":"SearchAction","target":{"@type":"EntryPoint","urlTemplate":"https:\/\/obejrzyj-i-powiedz.pl\/?s={search_term_string}"},"query-input":{"@type":"PropertyValueSpecification","valueRequired":true,"valueName":"search_term_string"}}],"inLanguage":"pl-PL"},{"@type":"Person","@id":"https:\/\/obejrzyj-i-powiedz.pl\/#\/schema\/person\/fd410d74d1f1a78da782b6c7870b8e14","name":"admin","image":{"@type":"ImageObject","inLanguage":"pl-PL","@id":"https:\/\/secure.gravatar.com\/avatar\/4e609b381659f1df9d3dea107e3c05fa9ad22a194ec1799dd9a433deddc1fe2c?s=96&d=mm&r=g","url":"https:\/\/secure.gravatar.com\/avatar\/4e609b381659f1df9d3dea107e3c05fa9ad22a194ec1799dd9a433deddc1fe2c?s=96&d=mm&r=g","contentUrl":"https:\/\/secure.gravatar.com\/avatar\/4e609b381659f1df9d3dea107e3c05fa9ad22a194ec1799dd9a433deddc1fe2c?s=96&d=mm&r=g","caption":"admin"},"sameAs":["https:\/\/obejrzyj-i-powiedz.pl"],"url":"https:\/\/obejrzyj-i-powiedz.pl\/index.php\/author\/admin\/"}]}},"_links":{"self":[{"href":"https:\/\/obejrzyj-i-powiedz.pl\/index.php\/wp-json\/wp\/v2\/posts\/7930","targetHints":{"allow":["GET"]}}],"collection":[{"href":"https:\/\/obejrzyj-i-powiedz.pl\/index.php\/wp-json\/wp\/v2\/posts"}],"about":[{"href":"https:\/\/obejrzyj-i-powiedz.pl\/index.php\/wp-json\/wp\/v2\/types\/post"}],"author":[{"embeddable":true,"href":"https:\/\/obejrzyj-i-powiedz.pl\/index.php\/wp-json\/wp\/v2\/users\/1"}],"replies":[{"embeddable":true,"href":"https:\/\/obejrzyj-i-powiedz.pl\/index.php\/wp-json\/wp\/v2\/comments?post=7930"}],"version-history":[{"count":0,"href":"https:\/\/obejrzyj-i-powiedz.pl\/index.php\/wp-json\/wp\/v2\/posts\/7930\/revisions"}],"wp:featuredmedia":[{"embeddable":true,"href":"https:\/\/obejrzyj-i-powiedz.pl\/index.php\/wp-json\/wp\/v2\/media\/7929"}],"wp:attachment":[{"href":"https:\/\/obejrzyj-i-powiedz.pl\/index.php\/wp-json\/wp\/v2\/media?parent=7930"}],"wp:term":[{"taxonomy":"category","embeddable":true,"href":"https:\/\/obejrzyj-i-powiedz.pl\/index.php\/wp-json\/wp\/v2\/categories?post=7930"},{"taxonomy":"post_tag","embeddable":true,"href":"https:\/\/obejrzyj-i-powiedz.pl\/index.php\/wp-json\/wp\/v2\/tags?post=7930"}],"curies":[{"name":"wp","href":"https:\/\/api.w.org\/{rel}","templated":true}]}}