{"id":8164,"date":"2026-01-01T09:15:25","date_gmt":"2026-01-01T09:15:25","guid":{"rendered":"https:\/\/obejrzyj-i-powiedz.pl\/index.php\/2026\/01\/01\/jak-powstaja-gale-oscarowe-kulisy-i-przygotowania\/"},"modified":"2026-01-01T09:15:25","modified_gmt":"2026-01-01T09:15:25","slug":"jak-powstaja-gale-oscarowe-kulisy-i-przygotowania","status":"publish","type":"post","link":"https:\/\/obejrzyj-i-powiedz.pl\/index.php\/2026\/01\/01\/jak-powstaja-gale-oscarowe-kulisy-i-przygotowania\/","title":{"rendered":"Jak powstaj\u0105 gale Oscarowe \u2013 kulisy i przygotowania"},"content":{"rendered":"<p>Kinoman\u00f3w i tw\u00f3rc\u00f3w filmowych \u0142\u0105czy pasja do <strong>kina<\/strong> oraz fascynacja mo\u017cliwo\u015bciami, jakie niesie ze sob\u0105 medium ruchomego obrazu. Ten artyku\u0142 zabierze czytelnika w podr\u00f3\u017c od narodzin <strong>kinematografii<\/strong> a\u017c po wsp\u00f3\u0142czesne gale i festiwale, ukazuj\u0105c zar\u00f3wno artystyczne, jak i technologiczne przemiany, kt\u00f3re zmieni\u0142y oblicze <strong>filmu<\/strong>.<\/p>\n<h2>Historyczne aspekty kinematografii<\/h2>\n<p>Pocz\u0105tki medium filmowego si\u0119gaj\u0105 ko\u0144ca XIX wieku, kiedy to bracia Lumi\u00e8re zaprezentowali sw\u00f3j s\u0142ynny Wynalazek \u2013 <strong>kamer\u0119<\/strong> rejestruj\u0105c\u0105 kolejne klatki. Prezentacja pierwszego pokazu w Pary\u017cu w 1895 roku by\u0142a punktem zwrotnym dla rozwoju <strong>produkcji<\/strong> artystycznej i przemys\u0142owej. W kolejnych dekadach technika filmowa ewoluowa\u0142a w zawrotnym tempie, przynosz\u0105c z sob\u0105 kluczowe innowacje.<\/p>\n<h3><u>Era kina niemego<\/u><\/h3>\n<p>W epoce filmu niemego tw\u00f3rcy opierali si\u0119 niemal wy\u0142\u0105cznie na j\u0119zyku obrazu. Kompozycja <strong>kadru<\/strong>, mimika aktor\u00f3w i dynamiczny monta\u017c tworzy\u0142y narracj\u0119 bez potrzeby dialogu. Charlie Chaplin w \u201eModzie na mnie\u201d czy Buster Keaton w \u201eGeneralnym\u201d dowodzili, \u017ce sztuka filmowa potrafi komunikowa\u0107 emocje i histori\u0119 w spos\u00f3b <strong>uniwersalny<\/strong>.<\/p>\n<h3><u>Prze\u0142om d\u017awi\u0119kowy i kolor<\/u><\/h3>\n<ul>\n<li>Wprowadzenie \u015bcie\u017cki d\u017awi\u0119kowej (1927) \u2013 The Jazz Singer.<\/li>\n<li>Technicolor i pierwsze barwne produkcje.<\/li>\n<li>Adaptacja system\u00f3w nag\u0142o\u015bnienia w kinach.<\/li>\n<\/ul>\n<p>Wraz z pojawieniem si\u0119 d\u017awi\u0119ku i koloru poj\u0119cie \u201efilm\u201d wzbogaci\u0142o si\u0119 o nowe \u015brodki wyrazu. Zjawisko to wp\u0142yn\u0119\u0142o na produkcj\u0119 scenariusza, prace <strong>re\u017cyseria<\/strong>, jak r\u00f3wnie\u017c na spos\u00f3b pracy z <strong>aktor<\/strong>ami. D\u017awi\u0119k zacz\u0105\u0142 definiowa\u0107 rytm, nastr\u00f3j i dramaturgi\u0119 sekwencji.<\/p>\n<h2>Sztuka filmowa i technologia<\/h2>\n<p>Tworzenie filmu to proces wieloetapowy, w kt\u00f3rym spotykaj\u0105 si\u0119 idee artystyczne oraz zaawansowane rozwi\u0105zania <strong>technologiczne<\/strong>. Wsp\u00f3\u0142czesne produkcje \u0142\u0105cz\u0105 prac\u0119 scenarzyst\u00f3w, operator\u00f3w kamer, d\u017awi\u0119kowc\u00f3w i grafik\u00f3w komputerowych.<\/p>\n<h3><u>Scenariusz i przedprodukcja<\/u><\/h3>\n<p>Ka\u017cdy projekt filmowy rozpoczyna si\u0119 od <strong>scenariusz<\/strong>u. To on wyznacza struktur\u0119 narracyjn\u0105, opisuje postaci oraz decyduje o tonacji emocjonalnej. W fazie przedprodukcji odbywaj\u0105 si\u0119:<\/p>\n<ul>\n<li>casting i dob\u00f3r <strong>aktor<\/strong>\u00f3w;<\/li>\n<li>lokacje i scenografia;<\/li>\n<li>opracowanie storyboardu.<\/li>\n<\/ul>\n<p>Storyboard stanowi wizualny szkic ka\u017cdego uj\u0119cia, pozwalaj\u0105cy zespo\u0142owi operatorskiemu i re\u017cyserskiemu na precyzyjne planowanie kadr\u00f3w.<\/p>\n<h3><u>Zdj\u0119cia i kreacja obrazu<\/u><\/h3>\n<p>Na planie filmowym kluczow\u0105 rol\u0119 odgrywa operator, kt\u00f3ry za pomoc\u0105 <strong>kamery<\/strong> i <strong>\u015bwiat\u0142o<\/strong>a buduje atmosfer\u0119. Wykorzystuje si\u0119 r\u00f3\u017cne formaty (35 mm, 65 mm, cyfrowe matryce), a tak\u017ce obiektywy o specyficznych parametrach, by uzyska\u0107 po\u017c\u0105dany efekt wizualny. Praktyka filmowa \u0142\u0105czy dzi\u015b tradycyjne techniki z efektami specjalnymi CGI.<\/p>\n<h3><u>Monta\u017c i postprodukcja<\/u><\/h3>\n<p>W monta\u017cowni klisze lub pliki cyfrowe spotykaj\u0105 si\u0119 z wyobra\u017ani\u0105 monta\u017cysty. Tu kszta\u0142tuje si\u0119 rytm filmu, nacisk na emocje i dynamik\u0119 akcji. Podczas postprodukcji dodaje si\u0119 r\u00f3wnie\u017c:<\/p>\n<ul>\n<li>efekty d\u017awi\u0119kowe i podk\u0142ad muzyczny;<\/li>\n<li>kolor korekcj\u0119;<\/li>\n<li>efekty wizualne.<\/li>\n<\/ul>\n<p>To w tej fazie mo\u017cna precyzyjnie zbalansowa\u0107 ka\u017cdy element, by osi\u0105gn\u0105\u0107 sp\u00f3jno\u015b\u0107 estetyczn\u0105 i narracyjn\u0105.<\/p>\n<h2>Proces produkcji i festiwale filmowe<\/h2>\n<p>Gdy film zyskuje ostateczn\u0105 form\u0119, rozpoczyna si\u0119 jego \u201e\u017cycie\u201d w \u015bwiecie festiwali, kin studyjnych i komercyjnych. Istnieje wiele wydarze\u0144 dedykowanych prezentacji nowych produkcji \u2013 od ma\u0142ych przegl\u0105d\u00f3w lokalnych po mi\u0119dzynarodowe gale.<\/p>\n<h3><u>Od ma\u0142ych festiwali do \u015bwiatowych premier<\/u><\/h3>\n<ul>\n<li>Ma\u0142e festiwale niezale\u017cne \u2013 przestrze\u0144 dla eksperyment\u00f3w artystycznych.<\/li>\n<li>Festiwale mi\u0119dzynarodowe \u2013 Cannes, Wenecja, Berlin.<\/li>\n<li>Gale Oscarowe \u2013 punkt kulminacyjny sezonu nagr\u00f3d.<\/li>\n<\/ul>\n<p>Udzia\u0142 w konkursach mo\u017ce zadecydowa\u0107 o karierze m\u0142odego <strong>re\u017cyseria<\/strong> lub aktora. Dla tw\u00f3rc\u00f3w to tak\u017ce okazja do nawi\u0105zania kontakt\u00f3w i pozyskania \u015brodk\u00f3w na kolejne projekty.<\/p>\n<h3><u>Kulisy organizacji Oscar\u00f3w<\/u><\/h3>\n<p>Przygotowania do gali nagr\u00f3d Ameryka\u0144skiej Akademii Filmowej to proces logistyczny obejmuj\u0105cy:<\/p>\n<ul>\n<li>selektowanie nominacji;<\/li>\n<li>koordynacj\u0119 transmisji na \u017cywo;<\/li>\n<li>przygotowanie scenografii i zaprosze\u0144.<\/li>\n<\/ul>\n<p>Ca\u0142o\u015b\u0107 wydarzenia opiera si\u0119 na precyzyjnym harmonogramie, w kt\u00f3rym ka\u017cda minuta ma znaczenie. To tak\u017ce czas promocji film\u00f3w nominowanych \u2013 spotka\u0144 z mediami i pokaz\u00f3w prasowych.<\/p>\n<h3><u>Wyzwania wsp\u00f3\u0142czesnej bran\u017cy<\/u><\/h3>\n<p>W erze streamingowych gigant\u00f3w i platform VOD rynek filmowy zmieni\u0142 si\u0119 diametralnie. Tradycyjne <strong>kino<\/strong> walczy o widza, oferuj\u0105c specjalne pokazy, seanse kolekcjonerskie czy interaktywne wydarzenia. Konkurencja ro\u015bnie, ale jednocze\u015bnie pojawiaj\u0105 si\u0119 nowe mo\u017cliwo\u015bci finansowania i dystrybucji.<\/p>\n<p>Mi\u0142o\u015bnicy <strong>filmu<\/strong> mog\u0105 dzi\u015b wybiera\u0107 spo\u015br\u00f3d setek tytu\u0142\u00f3w, a dost\u0119p do narz\u0119dzi produkcyjnych staje si\u0119 coraz bardziej otwarty. Dzi\u0119ki temu na kinowym niebosk\u0142onie pojawiaj\u0105 si\u0119 \u015bwie\u017ce talenty, kt\u00f3re swoj\u0105 tw\u00f3rczo\u015bci\u0105 kszta\u0142tuj\u0105 przysz\u0142o\u015b\u0107 tego fascynuj\u0105cego medium.<\/p>\n","protected":false},"excerpt":{"rendered":"<p>Kinoman\u00f3w i tw\u00f3rc\u00f3w filmowych \u0142\u0105czy pasja do kina oraz fascynacja mo\u017cliwo\u015bciami, jakie niesie ze sob\u0105 medium ruchomego obrazu. Ten artyku\u0142 zabierze czytelnika w podr\u00f3\u017c od narodzin kinematografii a\u017c po wsp\u00f3\u0142czesne&hellip;<\/p>\n","protected":false},"author":1,"featured_media":8163,"comment_status":"closed","ping_status":"closed","sticky":false,"template":"","format":"standard","meta":{"footnotes":""},"categories":[7],"tags":[329,1215,254,8,82,1214],"class_list":["post-8164","post","type-post","status-publish","format-standard","has-post-thumbnail","hentry","category-kino","tag-bracia-lumiere","tag-buster-keaton","tag-charlie-chaplin","tag-film","tag-kina","tag-medium-ruchomego-obrazu"],"yoast_head":"<!-- This site is optimized with the Yoast SEO plugin v27.2 - https:\/\/yoast.com\/product\/yoast-seo-wordpress\/ -->\n<title>Jak powstaj\u0105 gale Oscarowe \u2013 kulisy i przygotowania - Obejrzy i powiedz<\/title>\n<meta name=\"robots\" content=\"index, follow, max-snippet:-1, max-image-preview:large, max-video-preview:-1\" \/>\n<link rel=\"canonical\" href=\"https:\/\/obejrzyj-i-powiedz.pl\/index.php\/2026\/01\/01\/jak-powstaja-gale-oscarowe-kulisy-i-przygotowania\/\" \/>\n<meta property=\"og:locale\" content=\"pl_PL\" \/>\n<meta property=\"og:type\" content=\"article\" \/>\n<meta property=\"og:title\" content=\"Jak powstaj\u0105 gale Oscarowe \u2013 kulisy i przygotowania - Obejrzy i powiedz\" \/>\n<meta property=\"og:description\" content=\"Kinoman\u00f3w i tw\u00f3rc\u00f3w filmowych \u0142\u0105czy pasja do kina oraz fascynacja mo\u017cliwo\u015bciami, jakie niesie ze sob\u0105 medium ruchomego obrazu. Ten artyku\u0142 zabierze czytelnika w podr\u00f3\u017c od narodzin kinematografii a\u017c po wsp\u00f3\u0142czesne&hellip;\" \/>\n<meta property=\"og:url\" content=\"https:\/\/obejrzyj-i-powiedz.pl\/index.php\/2026\/01\/01\/jak-powstaja-gale-oscarowe-kulisy-i-przygotowania\/\" \/>\n<meta property=\"og:site_name\" content=\"Obejrzy i powiedz\" \/>\n<meta property=\"article:published_time\" content=\"2026-01-01T09:15:25+00:00\" \/>\n<meta name=\"author\" content=\"admin\" \/>\n<meta name=\"twitter:card\" content=\"summary_large_image\" \/>\n<meta name=\"twitter:label1\" content=\"Napisane przez\" \/>\n\t<meta name=\"twitter:data1\" content=\"admin\" \/>\n\t<meta name=\"twitter:label2\" content=\"Szacowany czas czytania\" \/>\n\t<meta name=\"twitter:data2\" content=\"4 minuty\" \/>\n<script type=\"application\/ld+json\" class=\"yoast-schema-graph\">{\"@context\":\"https:\/\/schema.org\",\"@graph\":[{\"@type\":\"Article\",\"@id\":\"https:\/\/obejrzyj-i-powiedz.pl\/index.php\/2026\/01\/01\/jak-powstaja-gale-oscarowe-kulisy-i-przygotowania\/#article\",\"isPartOf\":{\"@id\":\"https:\/\/obejrzyj-i-powiedz.pl\/index.php\/2026\/01\/01\/jak-powstaja-gale-oscarowe-kulisy-i-przygotowania\/\"},\"author\":{\"name\":\"admin\",\"@id\":\"https:\/\/obejrzyj-i-powiedz.pl\/#\/schema\/person\/fd410d74d1f1a78da782b6c7870b8e14\"},\"headline\":\"Jak powstaj\u0105 gale Oscarowe \u2013 kulisy i przygotowania\",\"datePublished\":\"2026-01-01T09:15:25+00:00\",\"mainEntityOfPage\":{\"@id\":\"https:\/\/obejrzyj-i-powiedz.pl\/index.php\/2026\/01\/01\/jak-powstaja-gale-oscarowe-kulisy-i-przygotowania\/\"},\"wordCount\":739,\"image\":{\"@id\":\"https:\/\/obejrzyj-i-powiedz.pl\/index.php\/2026\/01\/01\/jak-powstaja-gale-oscarowe-kulisy-i-przygotowania\/#primaryimage\"},\"thumbnailUrl\":\"https:\/\/obejrzyj-i-powiedz.pl\/wp-content\/uploads\/2026\/01\/output1.png\",\"keywords\":[\"bracia Lumi\u00e8re\",\"Buster Keaton\",\"Charlie Chaplin\",\"film\",\"kina\",\"medium ruchomego obrazu\"],\"articleSection\":[\"Kino\"],\"inLanguage\":\"pl-PL\"},{\"@type\":\"WebPage\",\"@id\":\"https:\/\/obejrzyj-i-powiedz.pl\/index.php\/2026\/01\/01\/jak-powstaja-gale-oscarowe-kulisy-i-przygotowania\/\",\"url\":\"https:\/\/obejrzyj-i-powiedz.pl\/index.php\/2026\/01\/01\/jak-powstaja-gale-oscarowe-kulisy-i-przygotowania\/\",\"name\":\"Jak powstaj\u0105 gale Oscarowe \u2013 kulisy i przygotowania - Obejrzy i powiedz\",\"isPartOf\":{\"@id\":\"https:\/\/obejrzyj-i-powiedz.pl\/#website\"},\"primaryImageOfPage\":{\"@id\":\"https:\/\/obejrzyj-i-powiedz.pl\/index.php\/2026\/01\/01\/jak-powstaja-gale-oscarowe-kulisy-i-przygotowania\/#primaryimage\"},\"image\":{\"@id\":\"https:\/\/obejrzyj-i-powiedz.pl\/index.php\/2026\/01\/01\/jak-powstaja-gale-oscarowe-kulisy-i-przygotowania\/#primaryimage\"},\"thumbnailUrl\":\"https:\/\/obejrzyj-i-powiedz.pl\/wp-content\/uploads\/2026\/01\/output1.png\",\"datePublished\":\"2026-01-01T09:15:25+00:00\",\"author\":{\"@id\":\"https:\/\/obejrzyj-i-powiedz.pl\/#\/schema\/person\/fd410d74d1f1a78da782b6c7870b8e14\"},\"breadcrumb\":{\"@id\":\"https:\/\/obejrzyj-i-powiedz.pl\/index.php\/2026\/01\/01\/jak-powstaja-gale-oscarowe-kulisy-i-przygotowania\/#breadcrumb\"},\"inLanguage\":\"pl-PL\",\"potentialAction\":[{\"@type\":\"ReadAction\",\"target\":[\"https:\/\/obejrzyj-i-powiedz.pl\/index.php\/2026\/01\/01\/jak-powstaja-gale-oscarowe-kulisy-i-przygotowania\/\"]}]},{\"@type\":\"ImageObject\",\"inLanguage\":\"pl-PL\",\"@id\":\"https:\/\/obejrzyj-i-powiedz.pl\/index.php\/2026\/01\/01\/jak-powstaja-gale-oscarowe-kulisy-i-przygotowania\/#primaryimage\",\"url\":\"https:\/\/obejrzyj-i-powiedz.pl\/wp-content\/uploads\/2026\/01\/output1.png\",\"contentUrl\":\"https:\/\/obejrzyj-i-powiedz.pl\/wp-content\/uploads\/2026\/01\/output1.png\",\"width\":1024,\"height\":1024},{\"@type\":\"BreadcrumbList\",\"@id\":\"https:\/\/obejrzyj-i-powiedz.pl\/index.php\/2026\/01\/01\/jak-powstaja-gale-oscarowe-kulisy-i-przygotowania\/#breadcrumb\",\"itemListElement\":[{\"@type\":\"ListItem\",\"position\":1,\"name\":\"Home\",\"item\":\"https:\/\/obejrzyj-i-powiedz.pl\/\"},{\"@type\":\"ListItem\",\"position\":2,\"name\":\"Jak powstaj\u0105 gale Oscarowe \u2013 kulisy i przygotowania\"}]},{\"@type\":\"WebSite\",\"@id\":\"https:\/\/obejrzyj-i-powiedz.pl\/#website\",\"url\":\"https:\/\/obejrzyj-i-powiedz.pl\/\",\"name\":\"Obejrzy i powiedz\",\"description\":\"\",\"potentialAction\":[{\"@type\":\"SearchAction\",\"target\":{\"@type\":\"EntryPoint\",\"urlTemplate\":\"https:\/\/obejrzyj-i-powiedz.pl\/?s={search_term_string}\"},\"query-input\":{\"@type\":\"PropertyValueSpecification\",\"valueRequired\":true,\"valueName\":\"search_term_string\"}}],\"inLanguage\":\"pl-PL\"},{\"@type\":\"Person\",\"@id\":\"https:\/\/obejrzyj-i-powiedz.pl\/#\/schema\/person\/fd410d74d1f1a78da782b6c7870b8e14\",\"name\":\"admin\",\"image\":{\"@type\":\"ImageObject\",\"inLanguage\":\"pl-PL\",\"@id\":\"https:\/\/secure.gravatar.com\/avatar\/4e609b381659f1df9d3dea107e3c05fa9ad22a194ec1799dd9a433deddc1fe2c?s=96&d=mm&r=g\",\"url\":\"https:\/\/secure.gravatar.com\/avatar\/4e609b381659f1df9d3dea107e3c05fa9ad22a194ec1799dd9a433deddc1fe2c?s=96&d=mm&r=g\",\"contentUrl\":\"https:\/\/secure.gravatar.com\/avatar\/4e609b381659f1df9d3dea107e3c05fa9ad22a194ec1799dd9a433deddc1fe2c?s=96&d=mm&r=g\",\"caption\":\"admin\"},\"sameAs\":[\"https:\/\/obejrzyj-i-powiedz.pl\"],\"url\":\"https:\/\/obejrzyj-i-powiedz.pl\/index.php\/author\/admin\/\"}]}<\/script>\n<!-- \/ Yoast SEO plugin. -->","yoast_head_json":{"title":"Jak powstaj\u0105 gale Oscarowe \u2013 kulisy i przygotowania - Obejrzy i powiedz","robots":{"index":"index","follow":"follow","max-snippet":"max-snippet:-1","max-image-preview":"max-image-preview:large","max-video-preview":"max-video-preview:-1"},"canonical":"https:\/\/obejrzyj-i-powiedz.pl\/index.php\/2026\/01\/01\/jak-powstaja-gale-oscarowe-kulisy-i-przygotowania\/","og_locale":"pl_PL","og_type":"article","og_title":"Jak powstaj\u0105 gale Oscarowe \u2013 kulisy i przygotowania - Obejrzy i powiedz","og_description":"Kinoman\u00f3w i tw\u00f3rc\u00f3w filmowych \u0142\u0105czy pasja do kina oraz fascynacja mo\u017cliwo\u015bciami, jakie niesie ze sob\u0105 medium ruchomego obrazu. Ten artyku\u0142 zabierze czytelnika w podr\u00f3\u017c od narodzin kinematografii a\u017c po wsp\u00f3\u0142czesne&hellip;","og_url":"https:\/\/obejrzyj-i-powiedz.pl\/index.php\/2026\/01\/01\/jak-powstaja-gale-oscarowe-kulisy-i-przygotowania\/","og_site_name":"Obejrzy i powiedz","article_published_time":"2026-01-01T09:15:25+00:00","author":"admin","twitter_card":"summary_large_image","twitter_misc":{"Napisane przez":"admin","Szacowany czas czytania":"4 minuty"},"schema":{"@context":"https:\/\/schema.org","@graph":[{"@type":"Article","@id":"https:\/\/obejrzyj-i-powiedz.pl\/index.php\/2026\/01\/01\/jak-powstaja-gale-oscarowe-kulisy-i-przygotowania\/#article","isPartOf":{"@id":"https:\/\/obejrzyj-i-powiedz.pl\/index.php\/2026\/01\/01\/jak-powstaja-gale-oscarowe-kulisy-i-przygotowania\/"},"author":{"name":"admin","@id":"https:\/\/obejrzyj-i-powiedz.pl\/#\/schema\/person\/fd410d74d1f1a78da782b6c7870b8e14"},"headline":"Jak powstaj\u0105 gale Oscarowe \u2013 kulisy i przygotowania","datePublished":"2026-01-01T09:15:25+00:00","mainEntityOfPage":{"@id":"https:\/\/obejrzyj-i-powiedz.pl\/index.php\/2026\/01\/01\/jak-powstaja-gale-oscarowe-kulisy-i-przygotowania\/"},"wordCount":739,"image":{"@id":"https:\/\/obejrzyj-i-powiedz.pl\/index.php\/2026\/01\/01\/jak-powstaja-gale-oscarowe-kulisy-i-przygotowania\/#primaryimage"},"thumbnailUrl":"https:\/\/obejrzyj-i-powiedz.pl\/wp-content\/uploads\/2026\/01\/output1.png","keywords":["bracia Lumi\u00e8re","Buster Keaton","Charlie Chaplin","film","kina","medium ruchomego obrazu"],"articleSection":["Kino"],"inLanguage":"pl-PL"},{"@type":"WebPage","@id":"https:\/\/obejrzyj-i-powiedz.pl\/index.php\/2026\/01\/01\/jak-powstaja-gale-oscarowe-kulisy-i-przygotowania\/","url":"https:\/\/obejrzyj-i-powiedz.pl\/index.php\/2026\/01\/01\/jak-powstaja-gale-oscarowe-kulisy-i-przygotowania\/","name":"Jak powstaj\u0105 gale Oscarowe \u2013 kulisy i przygotowania - Obejrzy i powiedz","isPartOf":{"@id":"https:\/\/obejrzyj-i-powiedz.pl\/#website"},"primaryImageOfPage":{"@id":"https:\/\/obejrzyj-i-powiedz.pl\/index.php\/2026\/01\/01\/jak-powstaja-gale-oscarowe-kulisy-i-przygotowania\/#primaryimage"},"image":{"@id":"https:\/\/obejrzyj-i-powiedz.pl\/index.php\/2026\/01\/01\/jak-powstaja-gale-oscarowe-kulisy-i-przygotowania\/#primaryimage"},"thumbnailUrl":"https:\/\/obejrzyj-i-powiedz.pl\/wp-content\/uploads\/2026\/01\/output1.png","datePublished":"2026-01-01T09:15:25+00:00","author":{"@id":"https:\/\/obejrzyj-i-powiedz.pl\/#\/schema\/person\/fd410d74d1f1a78da782b6c7870b8e14"},"breadcrumb":{"@id":"https:\/\/obejrzyj-i-powiedz.pl\/index.php\/2026\/01\/01\/jak-powstaja-gale-oscarowe-kulisy-i-przygotowania\/#breadcrumb"},"inLanguage":"pl-PL","potentialAction":[{"@type":"ReadAction","target":["https:\/\/obejrzyj-i-powiedz.pl\/index.php\/2026\/01\/01\/jak-powstaja-gale-oscarowe-kulisy-i-przygotowania\/"]}]},{"@type":"ImageObject","inLanguage":"pl-PL","@id":"https:\/\/obejrzyj-i-powiedz.pl\/index.php\/2026\/01\/01\/jak-powstaja-gale-oscarowe-kulisy-i-przygotowania\/#primaryimage","url":"https:\/\/obejrzyj-i-powiedz.pl\/wp-content\/uploads\/2026\/01\/output1.png","contentUrl":"https:\/\/obejrzyj-i-powiedz.pl\/wp-content\/uploads\/2026\/01\/output1.png","width":1024,"height":1024},{"@type":"BreadcrumbList","@id":"https:\/\/obejrzyj-i-powiedz.pl\/index.php\/2026\/01\/01\/jak-powstaja-gale-oscarowe-kulisy-i-przygotowania\/#breadcrumb","itemListElement":[{"@type":"ListItem","position":1,"name":"Home","item":"https:\/\/obejrzyj-i-powiedz.pl\/"},{"@type":"ListItem","position":2,"name":"Jak powstaj\u0105 gale Oscarowe \u2013 kulisy i przygotowania"}]},{"@type":"WebSite","@id":"https:\/\/obejrzyj-i-powiedz.pl\/#website","url":"https:\/\/obejrzyj-i-powiedz.pl\/","name":"Obejrzy i powiedz","description":"","potentialAction":[{"@type":"SearchAction","target":{"@type":"EntryPoint","urlTemplate":"https:\/\/obejrzyj-i-powiedz.pl\/?s={search_term_string}"},"query-input":{"@type":"PropertyValueSpecification","valueRequired":true,"valueName":"search_term_string"}}],"inLanguage":"pl-PL"},{"@type":"Person","@id":"https:\/\/obejrzyj-i-powiedz.pl\/#\/schema\/person\/fd410d74d1f1a78da782b6c7870b8e14","name":"admin","image":{"@type":"ImageObject","inLanguage":"pl-PL","@id":"https:\/\/secure.gravatar.com\/avatar\/4e609b381659f1df9d3dea107e3c05fa9ad22a194ec1799dd9a433deddc1fe2c?s=96&d=mm&r=g","url":"https:\/\/secure.gravatar.com\/avatar\/4e609b381659f1df9d3dea107e3c05fa9ad22a194ec1799dd9a433deddc1fe2c?s=96&d=mm&r=g","contentUrl":"https:\/\/secure.gravatar.com\/avatar\/4e609b381659f1df9d3dea107e3c05fa9ad22a194ec1799dd9a433deddc1fe2c?s=96&d=mm&r=g","caption":"admin"},"sameAs":["https:\/\/obejrzyj-i-powiedz.pl"],"url":"https:\/\/obejrzyj-i-powiedz.pl\/index.php\/author\/admin\/"}]}},"_links":{"self":[{"href":"https:\/\/obejrzyj-i-powiedz.pl\/index.php\/wp-json\/wp\/v2\/posts\/8164","targetHints":{"allow":["GET"]}}],"collection":[{"href":"https:\/\/obejrzyj-i-powiedz.pl\/index.php\/wp-json\/wp\/v2\/posts"}],"about":[{"href":"https:\/\/obejrzyj-i-powiedz.pl\/index.php\/wp-json\/wp\/v2\/types\/post"}],"author":[{"embeddable":true,"href":"https:\/\/obejrzyj-i-powiedz.pl\/index.php\/wp-json\/wp\/v2\/users\/1"}],"replies":[{"embeddable":true,"href":"https:\/\/obejrzyj-i-powiedz.pl\/index.php\/wp-json\/wp\/v2\/comments?post=8164"}],"version-history":[{"count":0,"href":"https:\/\/obejrzyj-i-powiedz.pl\/index.php\/wp-json\/wp\/v2\/posts\/8164\/revisions"}],"wp:featuredmedia":[{"embeddable":true,"href":"https:\/\/obejrzyj-i-powiedz.pl\/index.php\/wp-json\/wp\/v2\/media\/8163"}],"wp:attachment":[{"href":"https:\/\/obejrzyj-i-powiedz.pl\/index.php\/wp-json\/wp\/v2\/media?parent=8164"}],"wp:term":[{"taxonomy":"category","embeddable":true,"href":"https:\/\/obejrzyj-i-powiedz.pl\/index.php\/wp-json\/wp\/v2\/categories?post=8164"},{"taxonomy":"post_tag","embeddable":true,"href":"https:\/\/obejrzyj-i-powiedz.pl\/index.php\/wp-json\/wp\/v2\/tags?post=8164"}],"curies":[{"name":"wp","href":"https:\/\/api.w.org\/{rel}","templated":true}]}}