{"id":8435,"date":"2026-04-04T20:30:06","date_gmt":"2026-04-04T20:30:06","guid":{"rendered":"https:\/\/obejrzyj-i-powiedz.pl\/index.php\/2026\/04\/04\/najlepsze-europejskie-filmy-ostatniej-dekady\/"},"modified":"2026-04-04T20:30:06","modified_gmt":"2026-04-04T20:30:06","slug":"najlepsze-europejskie-filmy-ostatniej-dekady","status":"publish","type":"post","link":"https:\/\/obejrzyj-i-powiedz.pl\/index.php\/2026\/04\/04\/najlepsze-europejskie-filmy-ostatniej-dekady\/","title":{"rendered":"Najlepsze europejskie filmy ostatniej dekady"},"content":{"rendered":"<p>Europejska kinematografia w ostatnich latach zachwyca r\u00f3\u017cnorodno\u015bci\u0105 styl\u00f3w, temat\u00f3w i form wyrazu. Od surowych dramat\u00f3w po wysublimowane komedie, od eksperymentalnych kola\u017cy wizualnych po kino zaanga\u017cowane politycznie \u2013 kontynent pe\u0142en jest tw\u00f3rc\u00f3w, kt\u00f3rzy zadbali o odrodzenie artystycznego potencja\u0142u ekranu. Poni\u017cszy tekst przybli\u017cy histori\u0119, g\u0142\u00f3wne nurty, kluczowe postaci oraz najwa\u017cniejsze dzie\u0142a, kt\u00f3re zdefiniowa\u0142y najlepsze europejskie filmy dekady.<\/p>\n<h2>Historia i ewolucja europejskiego kina<\/h2>\n<p>Pocz\u0105tki kontynentalnego filmu si\u0119gaj\u0105 XX wieku, gdy pionierzy tacy jak Georges M\u00e9li\u00e8s i Louis Lumi\u00e8re stawiali pierwsze kroki w eksploatacji ruchomego obrazu. W kolejnych dekadach <strong>kinematografia<\/strong> europejska rozwija\u0142a si\u0119 pod wp\u0142ywem ekspresjonizmu niemieckiego, neorealizmu w\u0142oskiego czy francuskiej nowej fali. Po burzliwych latach powojennych, kiedy <strong>produkcja<\/strong> filmowa s\u0142u\u017cy\u0142a cz\u0119sto celom propagandowym, nasta\u0142a era odkrywc\u00f3w artystycznego potencja\u0142u kamery. W latach 60. i 70. \u015bwiat\u0142o dzienne ujrza\u0142y filmy o odwa\u017cnym stylu wizualnym i kontrowersyjnych tematach spo\u0142ecznych.<\/p>\n<p>Dzisiejsza dekada to z jednej strony kontynuacja tych tradycji, z drugiej \u2013 powiew nowoczesno\u015bci. Tw\u00f3rcy coraz cz\u0119\u015bciej eksperymentuj\u0105 z technologi\u0105 cyfrow\u0105 i formami hybrydowymi, \u0142\u0105cz\u0105c dokument z fabu\u0142\u0105 czy animacj\u0119 poklatkow\u0105 z materia\u0142em archiwalnym. W efekcie pojawi\u0142y si\u0119 dzie\u0142a, kt\u00f3re prowokuj\u0105 do refleksji nad natur\u0105 obrazu i granicami <strong>narracja<\/strong> filmowej.<\/p>\n<h2>G\u0142\u00f3wne nurty i tematy<\/h2>\n<p>Analiza kilkudziesi\u0119ciu wyr\u00f3\u017cnionych produkcji pozwala wyr\u00f3\u017cni\u0107 kilka dominuj\u0105cych motyw\u00f3w:<\/p>\n<ul>\n<li><strong>Portrety spo\u0142eczne<\/strong> \u2013 filmy ukazuj\u0105ce realia \u017cycia w ma\u0142ych miastach i metropoliach, cz\u0119sto z perspektywy jednostki mierz\u0105cej si\u0119 z systemem.<\/li>\n<li><strong>To\u017csamo\u015b\u0107 i pami\u0119\u0107<\/strong> \u2013 redefinicja historii w\u0142asnego kraju, wspomnie\u0144 wojennych lub migracyjnych.<\/li>\n<li><strong>Psychologiczne dramaty<\/strong> \u2013 szczeg\u00f3\u0142owe studia postaci, w kt\u00f3rych ka\u017cdy gest i spojrzenie s\u0105 kluczowe dla zrozumienia wewn\u0119trznej przemiany.<\/li>\n<li><strong>Polityczne thrillery<\/strong> \u2013 komentarz do wsp\u00f3\u0142czesnych konflikt\u00f3w, dramat\u00f3w uchod\u017ac\u00f3w i napi\u0119\u0107 mi\u0119dzynarodowych.<\/li>\n<li><strong>Eksperymenty formalne<\/strong> \u2013 poszukiwania nowych technik filmowych, od d\u0142ugiego uj\u0119cia po niestandardowy monta\u017c.<\/li>\n<\/ul>\n<p>W obr\u0119bie tych nurt\u00f3w re\u017cyserzy k\u0142ad\u0105 nacisk na r\u00f3\u017cnorodne elementy warsztatowe. Precyzyjny <strong>scenariusz<\/strong> idzie w parze z wyszukanymi aran\u017cacjami d\u017awi\u0119kowymi, a praca <strong>operator<\/strong>a i metodyczny <strong>monta\u017c<\/strong> decyduj\u0105 o klimacie i tempie narracji. Jednocze\u015bnie coraz wi\u0119ksz\u0105 wag\u0119 przyk\u0142ada si\u0119 do autentyczno\u015bci kostiumu, lokalizacji oraz roli \u015bwiat\u0142a naturalnego, co nadaje obrazom surowy, \u201e\u017cywy\u201d charakter.<\/p>\n<h2>Wybitni re\u017cyserzy i symbole dekady<\/h2>\n<p>W\u015br\u00f3d najbardziej wp\u0142ywowych nazwisk ostatnich lat mo\u017cna wymieni\u0107:<\/p>\n<ul>\n<li><strong>Claire Denis<\/strong> \u2013 znana z precyzyjnego rysowania postaci i skomplikowanych relacji mi\u0119dzyludzkich.<\/li>\n<li><strong>Pawe\u0142 Pawlikowski<\/strong> \u2013 laureat wielu nagr\u00f3d, kt\u00f3rego filmy \u0142\u0105cz\u0105 minimalistyczn\u0105 estetyk\u0119 z g\u0142\u0119bok\u0105 introspekcj\u0105.<\/li>\n<li><strong>Lars von Trier<\/strong> \u2013 mistrz prowokacji, kt\u00f3ry nie boi si\u0119 porusza\u0107 najbardziej kontrowersyjnych motyw\u00f3w.<\/li>\n<li><strong>Andrea Arnold<\/strong> \u2013 brytyjska re\u017cyserka, kt\u00f3rej wra\u017cliwo\u015b\u0107 na d\u017awi\u0119k i obraz przyci\u0105ga festiwalow\u0105 publiczno\u015b\u0107.<\/li>\n<li><strong>Ruben \u00d6stlund<\/strong> \u2013 szwedzki tw\u00f3rca znany z ostrych satyr spo\u0142ecznych i doskonale skonstruowanych scen zbiorowych.<\/li>\n<\/ul>\n<p>Ka\u017cdy z tych artyst\u00f3w wni\u00f3s\u0142 do kina element osobistej wra\u017cliwo\u015bci, dbaj\u0105c zar\u00f3wno o form\u0119, jak i przekaz. Ich filmy cz\u0119sto zdobywaj\u0105 presti\u017cowe laury na <strong>festiwal<\/strong>ach w Cannes, Berlinie czy Wenecji, inspiruj\u0105c innych tw\u00f3rc\u00f3w do przekraczania schemat\u00f3w.<\/p>\n<h2>Najwa\u017cniejsze filmy i nagrody<\/h2>\n<p>W rankingu najlepszych europejskich film\u00f3w ostatniej dekady nie mo\u017ce zabrakn\u0105\u0107 takich pozycji jak:<\/p>\n<ul>\n<li><u>\u201eIda\u201d<\/u> \u2013 warstwowa opowie\u015b\u0107 o poszukiwaniu korzeni i duchowej odnowie.<\/li>\n<li><u>\u201eRoma\u201d<\/u> \u2013 cho\u0107 ameryka\u0144sko-meksyka\u0144ski, film Alfonso Cuar\u00f3na zdoby\u0142 serca widz\u00f3w w Europie za humanistyczne podej\u015bcie do opowie\u015bci o klasach spo\u0142ecznych.<\/li>\n<li><u>\u201eFever Ray\u201d<\/u> \u2013 autorskie spojrzenie na psychologiczny portret jednostki w opresyjnym spo\u0142ecze\u0144stwie.<\/li>\n<li><u>\u201eThe Favourite\u201d<\/u> \u2013 film kostiumowy o subtelnej grze w\u0142adzy i ambicji, zaskakuj\u0105cy barwn\u0105 form\u0105 i doskona\u0142ym <strong>aktorstwo<\/strong>m.<\/li>\n<li><u>\u201eCold War\u201d<\/u> \u2013 czarno-bia\u0142y romans w tle zimnowojennej Europy, kt\u00f3ry \u0142\u0105czy sekwencje taneczne z melancholijn\u0105 atmosfer\u0105.<\/li>\n<\/ul>\n<p>Zwyci\u0119stwa na <strong>festiwale<\/strong>ch i statuetki w najwa\u017cniejszych kategoriach to nie tylko dow\u00f3d uznania krytyk\u00f3w, lecz tak\u017ce sygna\u0142, \u017ce publiczno\u015b\u0107 jest gotowa na kino ambitne i prowokuj\u0105ce do my\u015blenia. Wiele z tych obraz\u00f3w doczeka\u0142o si\u0119 licznych analiz naukowych i sta\u0142o si\u0119 punktem odniesienia dla kolejnych pokole\u0144 tw\u00f3rc\u00f3w.<\/p>\n<h2>Przysz\u0142o\u015b\u0107 kina europejskiego<\/h2>\n<p>Zaanga\u017cowanie m\u0142odych tw\u00f3rc\u00f3w i rozw\u00f3j platform streamingowych otwiera nowe mo\u017cliwo\u015bci dystrybucji i finansowania niezale\u017cnych projekt\u00f3w. Wsp\u00f3\u0142praca mi\u0119dzynarodowa, cofinansowanie czy programy wsparcia artyst\u00f3w sprzyjaj\u0105 pojawianiu si\u0119 coraz odwa\u017cniejszych tytu\u0142\u00f3w. Przysz\u0142o\u015b\u0107 zale\u017cy od utrzymania r\u00f3wnowagi mi\u0119dzy komercyjnym potencja\u0142em a artystyczn\u0105 wolno\u015bci\u0105. Dzi\u0119ki temu b\u0119dzie mo\u017cna dalej eksplorowa\u0107 niestandardowe formy narracji i stawia\u0107 kolejne pytania o miejsce jednostki w coraz bardziej skomplikowanym \u015bwiecie.<\/p>\n","protected":false},"excerpt":{"rendered":"<p>Europejska kinematografia w ostatnich latach zachwyca r\u00f3\u017cnorodno\u015bci\u0105 styl\u00f3w, temat\u00f3w i form wyrazu. Od surowych dramat\u00f3w po wysublimowane komedie, od eksperymentalnych kola\u017cy wizualnych po kino zaanga\u017cowane politycznie \u2013 kontynent pe\u0142en jest&hellip;<\/p>\n","protected":false},"author":1,"featured_media":8434,"comment_status":"closed","ping_status":"closed","sticky":false,"template":"","format":"standard","meta":{"footnotes":""},"categories":[7],"tags":[1415,596,1416],"class_list":["post-8435","post","type-post","status-publish","format-standard","has-post-thumbnail","hentry","category-kino","tag-europejska-kinematografia","tag-georges-melies","tag-louis-lumiere"],"yoast_head":"<!-- This site is optimized with the Yoast SEO plugin v27.2 - https:\/\/yoast.com\/product\/yoast-seo-wordpress\/ -->\n<title>Najlepsze europejskie filmy ostatniej dekady - Obejrzy i powiedz<\/title>\n<meta name=\"robots\" content=\"index, follow, max-snippet:-1, max-image-preview:large, max-video-preview:-1\" \/>\n<link rel=\"canonical\" href=\"https:\/\/obejrzyj-i-powiedz.pl\/index.php\/2026\/04\/04\/najlepsze-europejskie-filmy-ostatniej-dekady\/\" \/>\n<meta property=\"og:locale\" content=\"pl_PL\" \/>\n<meta property=\"og:type\" content=\"article\" \/>\n<meta property=\"og:title\" content=\"Najlepsze europejskie filmy ostatniej dekady - Obejrzy i powiedz\" \/>\n<meta property=\"og:description\" content=\"Europejska kinematografia w ostatnich latach zachwyca r\u00f3\u017cnorodno\u015bci\u0105 styl\u00f3w, temat\u00f3w i form wyrazu. Od surowych dramat\u00f3w po wysublimowane komedie, od eksperymentalnych kola\u017cy wizualnych po kino zaanga\u017cowane politycznie \u2013 kontynent pe\u0142en jest&hellip;\" \/>\n<meta property=\"og:url\" content=\"https:\/\/obejrzyj-i-powiedz.pl\/index.php\/2026\/04\/04\/najlepsze-europejskie-filmy-ostatniej-dekady\/\" \/>\n<meta property=\"og:site_name\" content=\"Obejrzy i powiedz\" \/>\n<meta property=\"article:published_time\" content=\"2026-04-04T20:30:06+00:00\" \/>\n<meta name=\"author\" content=\"admin\" \/>\n<meta name=\"twitter:card\" content=\"summary_large_image\" \/>\n<meta name=\"twitter:label1\" content=\"Napisane przez\" \/>\n\t<meta name=\"twitter:data1\" content=\"admin\" \/>\n\t<meta name=\"twitter:label2\" content=\"Szacowany czas czytania\" \/>\n\t<meta name=\"twitter:data2\" content=\"4 minuty\" \/>\n<script type=\"application\/ld+json\" class=\"yoast-schema-graph\">{\"@context\":\"https:\/\/schema.org\",\"@graph\":[{\"@type\":\"Article\",\"@id\":\"https:\/\/obejrzyj-i-powiedz.pl\/index.php\/2026\/04\/04\/najlepsze-europejskie-filmy-ostatniej-dekady\/#article\",\"isPartOf\":{\"@id\":\"https:\/\/obejrzyj-i-powiedz.pl\/index.php\/2026\/04\/04\/najlepsze-europejskie-filmy-ostatniej-dekady\/\"},\"author\":{\"name\":\"admin\",\"@id\":\"https:\/\/obejrzyj-i-powiedz.pl\/#\/schema\/person\/fd410d74d1f1a78da782b6c7870b8e14\"},\"headline\":\"Najlepsze europejskie filmy ostatniej dekady\",\"datePublished\":\"2026-04-04T20:30:06+00:00\",\"mainEntityOfPage\":{\"@id\":\"https:\/\/obejrzyj-i-powiedz.pl\/index.php\/2026\/04\/04\/najlepsze-europejskie-filmy-ostatniej-dekady\/\"},\"wordCount\":797,\"image\":{\"@id\":\"https:\/\/obejrzyj-i-powiedz.pl\/index.php\/2026\/04\/04\/najlepsze-europejskie-filmy-ostatniej-dekady\/#primaryimage\"},\"thumbnailUrl\":\"https:\/\/obejrzyj-i-powiedz.pl\/wp-content\/uploads\/2026\/04\/output1-2.webp\",\"keywords\":[\"Europejska kinematografia\",\"Georges M\u00e9li\u00e8s\",\"Louis Lumi\u00e8re\"],\"articleSection\":[\"Kino\"],\"inLanguage\":\"pl-PL\"},{\"@type\":\"WebPage\",\"@id\":\"https:\/\/obejrzyj-i-powiedz.pl\/index.php\/2026\/04\/04\/najlepsze-europejskie-filmy-ostatniej-dekady\/\",\"url\":\"https:\/\/obejrzyj-i-powiedz.pl\/index.php\/2026\/04\/04\/najlepsze-europejskie-filmy-ostatniej-dekady\/\",\"name\":\"Najlepsze europejskie filmy ostatniej dekady - Obejrzy i powiedz\",\"isPartOf\":{\"@id\":\"https:\/\/obejrzyj-i-powiedz.pl\/#website\"},\"primaryImageOfPage\":{\"@id\":\"https:\/\/obejrzyj-i-powiedz.pl\/index.php\/2026\/04\/04\/najlepsze-europejskie-filmy-ostatniej-dekady\/#primaryimage\"},\"image\":{\"@id\":\"https:\/\/obejrzyj-i-powiedz.pl\/index.php\/2026\/04\/04\/najlepsze-europejskie-filmy-ostatniej-dekady\/#primaryimage\"},\"thumbnailUrl\":\"https:\/\/obejrzyj-i-powiedz.pl\/wp-content\/uploads\/2026\/04\/output1-2.webp\",\"datePublished\":\"2026-04-04T20:30:06+00:00\",\"author\":{\"@id\":\"https:\/\/obejrzyj-i-powiedz.pl\/#\/schema\/person\/fd410d74d1f1a78da782b6c7870b8e14\"},\"breadcrumb\":{\"@id\":\"https:\/\/obejrzyj-i-powiedz.pl\/index.php\/2026\/04\/04\/najlepsze-europejskie-filmy-ostatniej-dekady\/#breadcrumb\"},\"inLanguage\":\"pl-PL\",\"potentialAction\":[{\"@type\":\"ReadAction\",\"target\":[\"https:\/\/obejrzyj-i-powiedz.pl\/index.php\/2026\/04\/04\/najlepsze-europejskie-filmy-ostatniej-dekady\/\"]}]},{\"@type\":\"ImageObject\",\"inLanguage\":\"pl-PL\",\"@id\":\"https:\/\/obejrzyj-i-powiedz.pl\/index.php\/2026\/04\/04\/najlepsze-europejskie-filmy-ostatniej-dekady\/#primaryimage\",\"url\":\"https:\/\/obejrzyj-i-powiedz.pl\/wp-content\/uploads\/2026\/04\/output1-2.webp\",\"contentUrl\":\"https:\/\/obejrzyj-i-powiedz.pl\/wp-content\/uploads\/2026\/04\/output1-2.webp\",\"width\":1024,\"height\":1024},{\"@type\":\"BreadcrumbList\",\"@id\":\"https:\/\/obejrzyj-i-powiedz.pl\/index.php\/2026\/04\/04\/najlepsze-europejskie-filmy-ostatniej-dekady\/#breadcrumb\",\"itemListElement\":[{\"@type\":\"ListItem\",\"position\":1,\"name\":\"Home\",\"item\":\"https:\/\/obejrzyj-i-powiedz.pl\/\"},{\"@type\":\"ListItem\",\"position\":2,\"name\":\"Najlepsze europejskie filmy ostatniej dekady\"}]},{\"@type\":\"WebSite\",\"@id\":\"https:\/\/obejrzyj-i-powiedz.pl\/#website\",\"url\":\"https:\/\/obejrzyj-i-powiedz.pl\/\",\"name\":\"Obejrzy i powiedz\",\"description\":\"\",\"potentialAction\":[{\"@type\":\"SearchAction\",\"target\":{\"@type\":\"EntryPoint\",\"urlTemplate\":\"https:\/\/obejrzyj-i-powiedz.pl\/?s={search_term_string}\"},\"query-input\":{\"@type\":\"PropertyValueSpecification\",\"valueRequired\":true,\"valueName\":\"search_term_string\"}}],\"inLanguage\":\"pl-PL\"},{\"@type\":\"Person\",\"@id\":\"https:\/\/obejrzyj-i-powiedz.pl\/#\/schema\/person\/fd410d74d1f1a78da782b6c7870b8e14\",\"name\":\"admin\",\"image\":{\"@type\":\"ImageObject\",\"inLanguage\":\"pl-PL\",\"@id\":\"https:\/\/secure.gravatar.com\/avatar\/4e609b381659f1df9d3dea107e3c05fa9ad22a194ec1799dd9a433deddc1fe2c?s=96&d=mm&r=g\",\"url\":\"https:\/\/secure.gravatar.com\/avatar\/4e609b381659f1df9d3dea107e3c05fa9ad22a194ec1799dd9a433deddc1fe2c?s=96&d=mm&r=g\",\"contentUrl\":\"https:\/\/secure.gravatar.com\/avatar\/4e609b381659f1df9d3dea107e3c05fa9ad22a194ec1799dd9a433deddc1fe2c?s=96&d=mm&r=g\",\"caption\":\"admin\"},\"sameAs\":[\"https:\/\/obejrzyj-i-powiedz.pl\"],\"url\":\"https:\/\/obejrzyj-i-powiedz.pl\/index.php\/author\/admin\/\"}]}<\/script>\n<!-- \/ Yoast SEO plugin. -->","yoast_head_json":{"title":"Najlepsze europejskie filmy ostatniej dekady - Obejrzy i powiedz","robots":{"index":"index","follow":"follow","max-snippet":"max-snippet:-1","max-image-preview":"max-image-preview:large","max-video-preview":"max-video-preview:-1"},"canonical":"https:\/\/obejrzyj-i-powiedz.pl\/index.php\/2026\/04\/04\/najlepsze-europejskie-filmy-ostatniej-dekady\/","og_locale":"pl_PL","og_type":"article","og_title":"Najlepsze europejskie filmy ostatniej dekady - Obejrzy i powiedz","og_description":"Europejska kinematografia w ostatnich latach zachwyca r\u00f3\u017cnorodno\u015bci\u0105 styl\u00f3w, temat\u00f3w i form wyrazu. Od surowych dramat\u00f3w po wysublimowane komedie, od eksperymentalnych kola\u017cy wizualnych po kino zaanga\u017cowane politycznie \u2013 kontynent pe\u0142en jest&hellip;","og_url":"https:\/\/obejrzyj-i-powiedz.pl\/index.php\/2026\/04\/04\/najlepsze-europejskie-filmy-ostatniej-dekady\/","og_site_name":"Obejrzy i powiedz","article_published_time":"2026-04-04T20:30:06+00:00","author":"admin","twitter_card":"summary_large_image","twitter_misc":{"Napisane przez":"admin","Szacowany czas czytania":"4 minuty"},"schema":{"@context":"https:\/\/schema.org","@graph":[{"@type":"Article","@id":"https:\/\/obejrzyj-i-powiedz.pl\/index.php\/2026\/04\/04\/najlepsze-europejskie-filmy-ostatniej-dekady\/#article","isPartOf":{"@id":"https:\/\/obejrzyj-i-powiedz.pl\/index.php\/2026\/04\/04\/najlepsze-europejskie-filmy-ostatniej-dekady\/"},"author":{"name":"admin","@id":"https:\/\/obejrzyj-i-powiedz.pl\/#\/schema\/person\/fd410d74d1f1a78da782b6c7870b8e14"},"headline":"Najlepsze europejskie filmy ostatniej dekady","datePublished":"2026-04-04T20:30:06+00:00","mainEntityOfPage":{"@id":"https:\/\/obejrzyj-i-powiedz.pl\/index.php\/2026\/04\/04\/najlepsze-europejskie-filmy-ostatniej-dekady\/"},"wordCount":797,"image":{"@id":"https:\/\/obejrzyj-i-powiedz.pl\/index.php\/2026\/04\/04\/najlepsze-europejskie-filmy-ostatniej-dekady\/#primaryimage"},"thumbnailUrl":"https:\/\/obejrzyj-i-powiedz.pl\/wp-content\/uploads\/2026\/04\/output1-2.webp","keywords":["Europejska kinematografia","Georges M\u00e9li\u00e8s","Louis Lumi\u00e8re"],"articleSection":["Kino"],"inLanguage":"pl-PL"},{"@type":"WebPage","@id":"https:\/\/obejrzyj-i-powiedz.pl\/index.php\/2026\/04\/04\/najlepsze-europejskie-filmy-ostatniej-dekady\/","url":"https:\/\/obejrzyj-i-powiedz.pl\/index.php\/2026\/04\/04\/najlepsze-europejskie-filmy-ostatniej-dekady\/","name":"Najlepsze europejskie filmy ostatniej dekady - Obejrzy i powiedz","isPartOf":{"@id":"https:\/\/obejrzyj-i-powiedz.pl\/#website"},"primaryImageOfPage":{"@id":"https:\/\/obejrzyj-i-powiedz.pl\/index.php\/2026\/04\/04\/najlepsze-europejskie-filmy-ostatniej-dekady\/#primaryimage"},"image":{"@id":"https:\/\/obejrzyj-i-powiedz.pl\/index.php\/2026\/04\/04\/najlepsze-europejskie-filmy-ostatniej-dekady\/#primaryimage"},"thumbnailUrl":"https:\/\/obejrzyj-i-powiedz.pl\/wp-content\/uploads\/2026\/04\/output1-2.webp","datePublished":"2026-04-04T20:30:06+00:00","author":{"@id":"https:\/\/obejrzyj-i-powiedz.pl\/#\/schema\/person\/fd410d74d1f1a78da782b6c7870b8e14"},"breadcrumb":{"@id":"https:\/\/obejrzyj-i-powiedz.pl\/index.php\/2026\/04\/04\/najlepsze-europejskie-filmy-ostatniej-dekady\/#breadcrumb"},"inLanguage":"pl-PL","potentialAction":[{"@type":"ReadAction","target":["https:\/\/obejrzyj-i-powiedz.pl\/index.php\/2026\/04\/04\/najlepsze-europejskie-filmy-ostatniej-dekady\/"]}]},{"@type":"ImageObject","inLanguage":"pl-PL","@id":"https:\/\/obejrzyj-i-powiedz.pl\/index.php\/2026\/04\/04\/najlepsze-europejskie-filmy-ostatniej-dekady\/#primaryimage","url":"https:\/\/obejrzyj-i-powiedz.pl\/wp-content\/uploads\/2026\/04\/output1-2.webp","contentUrl":"https:\/\/obejrzyj-i-powiedz.pl\/wp-content\/uploads\/2026\/04\/output1-2.webp","width":1024,"height":1024},{"@type":"BreadcrumbList","@id":"https:\/\/obejrzyj-i-powiedz.pl\/index.php\/2026\/04\/04\/najlepsze-europejskie-filmy-ostatniej-dekady\/#breadcrumb","itemListElement":[{"@type":"ListItem","position":1,"name":"Home","item":"https:\/\/obejrzyj-i-powiedz.pl\/"},{"@type":"ListItem","position":2,"name":"Najlepsze europejskie filmy ostatniej dekady"}]},{"@type":"WebSite","@id":"https:\/\/obejrzyj-i-powiedz.pl\/#website","url":"https:\/\/obejrzyj-i-powiedz.pl\/","name":"Obejrzy i powiedz","description":"","potentialAction":[{"@type":"SearchAction","target":{"@type":"EntryPoint","urlTemplate":"https:\/\/obejrzyj-i-powiedz.pl\/?s={search_term_string}"},"query-input":{"@type":"PropertyValueSpecification","valueRequired":true,"valueName":"search_term_string"}}],"inLanguage":"pl-PL"},{"@type":"Person","@id":"https:\/\/obejrzyj-i-powiedz.pl\/#\/schema\/person\/fd410d74d1f1a78da782b6c7870b8e14","name":"admin","image":{"@type":"ImageObject","inLanguage":"pl-PL","@id":"https:\/\/secure.gravatar.com\/avatar\/4e609b381659f1df9d3dea107e3c05fa9ad22a194ec1799dd9a433deddc1fe2c?s=96&d=mm&r=g","url":"https:\/\/secure.gravatar.com\/avatar\/4e609b381659f1df9d3dea107e3c05fa9ad22a194ec1799dd9a433deddc1fe2c?s=96&d=mm&r=g","contentUrl":"https:\/\/secure.gravatar.com\/avatar\/4e609b381659f1df9d3dea107e3c05fa9ad22a194ec1799dd9a433deddc1fe2c?s=96&d=mm&r=g","caption":"admin"},"sameAs":["https:\/\/obejrzyj-i-powiedz.pl"],"url":"https:\/\/obejrzyj-i-powiedz.pl\/index.php\/author\/admin\/"}]}},"_links":{"self":[{"href":"https:\/\/obejrzyj-i-powiedz.pl\/index.php\/wp-json\/wp\/v2\/posts\/8435","targetHints":{"allow":["GET"]}}],"collection":[{"href":"https:\/\/obejrzyj-i-powiedz.pl\/index.php\/wp-json\/wp\/v2\/posts"}],"about":[{"href":"https:\/\/obejrzyj-i-powiedz.pl\/index.php\/wp-json\/wp\/v2\/types\/post"}],"author":[{"embeddable":true,"href":"https:\/\/obejrzyj-i-powiedz.pl\/index.php\/wp-json\/wp\/v2\/users\/1"}],"replies":[{"embeddable":true,"href":"https:\/\/obejrzyj-i-powiedz.pl\/index.php\/wp-json\/wp\/v2\/comments?post=8435"}],"version-history":[{"count":0,"href":"https:\/\/obejrzyj-i-powiedz.pl\/index.php\/wp-json\/wp\/v2\/posts\/8435\/revisions"}],"wp:featuredmedia":[{"embeddable":true,"href":"https:\/\/obejrzyj-i-powiedz.pl\/index.php\/wp-json\/wp\/v2\/media\/8434"}],"wp:attachment":[{"href":"https:\/\/obejrzyj-i-powiedz.pl\/index.php\/wp-json\/wp\/v2\/media?parent=8435"}],"wp:term":[{"taxonomy":"category","embeddable":true,"href":"https:\/\/obejrzyj-i-powiedz.pl\/index.php\/wp-json\/wp\/v2\/categories?post=8435"},{"taxonomy":"post_tag","embeddable":true,"href":"https:\/\/obejrzyj-i-powiedz.pl\/index.php\/wp-json\/wp\/v2\/tags?post=8435"}],"curies":[{"name":"wp","href":"https:\/\/api.w.org\/{rel}","templated":true}]}}